{"id":20941,"date":"2021-04-22T19:52:39","date_gmt":"2021-04-22T19:52:39","guid":{"rendered":"https:\/\/blogdorogeriogomes.com.br\/?p=20941"},"modified":"2021-04-26T14:52:14","modified_gmt":"2021-04-26T14:52:14","slug":"na-cupula-do-clima-bolsonaro-promete-se-dedicar-as-pautas-ambientais-mas-nao-convence-especialistas","status":"publish","type":"post","link":"https:\/\/blogdorogeriogomes.com.br\/noticias\/2021\/04\/na-cupula-do-clima-bolsonaro-promete-se-dedicar-as-pautas-ambientais-mas-nao-convence-especialistas\/","title":{"rendered":"Na C\u00fapula do Clima, Bolsonaro promete se dedicar \u00e0s pautas ambientais mas n\u00e3o convence especialistas"},"content":{"rendered":"\n<p>O presidente Jair Bolsonaro participou nesta quinta-feira, dia 22 de abril, da reuni\u00e3o virtual da C\u00fapula de L\u00edderes sobre o Clima, organizada pelo presidente dos Estados Unidos, Joe Biden, com a presen\u00e7a de representantes de diversos pa\u00edses. Em seu discurso, Bolsonaro disse estar alinhado \u00e0s pautas do Meio Ambiente e que o governo brasileiro reduzir\u00e1 emiss\u00f5es e refor\u00e7ar\u00e1 servi\u00e7os ambientais. N\u00e3o deixou, claro, de pedir mais recursos internacionais.<\/p>\n\n\n\n<p>&#8220;\u00c0 luz de nossas responsabilidades comuns, por\u00e9m diferenciadas, continuamos a colaborar com os esfor\u00e7os mundiais contra a mudan\u00e7a do clima&#8221;, disse o presidente. No entanto, a postura no evento ocorre em cen\u00e1rio de total descredibilidade do chefe executivo do Pa\u00eds diante do mundo. Bolsonaro foi o 20\u00ba l\u00edder a discursar, o \u00faltimo dentre os representantes do Brics e depois da Argentina. Joe Biden sequer acompanhou o discurso do brasileiro, deixando o evento virtual antes do momento.<\/p>\n\n\n\n<p>Especialistas da \u00e1rea clim\u00e1tica n\u00e3o se convencem com a fala de Bolsonaro, pois at\u00e9 o momento o Brasil tem feito o oposto nas pol\u00edticas voltadas ao tema. Enquanto a promessa foi zerar o desmatamento ilegal, reduzir emiss\u00e3o de gases, buscar a &#8220;neutralidade clim\u00e1tica&#8221; at\u00e9 2050 e fortalecer \u00f3rg\u00e3os de fiscaliza\u00e7\u00e3o ambiental, na realidade o Governo Federal tem reduzido o or\u00e7amento para fiscaliza\u00e7\u00e3o do Minist\u00e9rio do Meio Ambiente (o menor em 21 anos), testemunha casos hist\u00f3ricos de desmatamento ilegal e informa dados errados sobre a preserva\u00e7\u00e3o da Amaz\u00f4nia (em momento de recorde de crimes ambientais) e emiss\u00e3o de gases de efeito estufa.<\/p>\n\n\n\n<p>Para agravar ainda mais a imagem do Pa\u00eds na reuni\u00e3o, Bolsonaro esteve acompanhado do ministro do Meio Ambiente, Ricardo Salles, alvo de press\u00e3o de ambientalistas e de setores populares por conta de suas omiss\u00f5es diante de graves problemas ambientais vivenciados no Brasil.<\/p>\n\n\n\n<figure class=\"wp-block-image size-large\"><img loading=\"lazy\" decoding=\"async\" width=\"804\" height=\"454\" src=\"https:\/\/blogdorogeriogomes.com.br\/wp-content\/uploads\/2021\/04\/bolsonaro-acompanha-a-fala-de-biden-na-cupula-de-lideres-sobre-o-clima-1.jpeg\" alt=\"\" class=\"wp-image-20942\" srcset=\"https:\/\/blogdorogeriogomes.com.br\/noticias\/wp-content\/uploads\/2021\/04\/bolsonaro-acompanha-a-fala-de-biden-na-cupula-de-lideres-sobre-o-clima-1.jpeg 804w, https:\/\/blogdorogeriogomes.com.br\/noticias\/wp-content\/uploads\/2021\/04\/bolsonaro-acompanha-a-fala-de-biden-na-cupula-de-lideres-sobre-o-clima-1-300x169.jpeg 300w, https:\/\/blogdorogeriogomes.com.br\/noticias\/wp-content\/uploads\/2021\/04\/bolsonaro-acompanha-a-fala-de-biden-na-cupula-de-lideres-sobre-o-clima-1-768x434.jpeg 768w, https:\/\/blogdorogeriogomes.com.br\/noticias\/wp-content\/uploads\/2021\/04\/bolsonaro-acompanha-a-fala-de-biden-na-cupula-de-lideres-sobre-o-clima-1-800x452.jpeg 800w\" sizes=\"auto, (max-width: 804px) 100vw, 804px\" \/><\/figure>\n","protected":false},"excerpt":{"rendered":"<p>O presidente Jair Bolsonaro participou nesta quinta-feira, dia 22 de abril, da reuni\u00e3o virtual da C\u00fapula de L\u00edderes sobre o Clima, organizada pelo presidente dos Estados Unidos, Joe Biden, com a presen\u00e7a de representantes de diversos pa\u00edses. Em seu discurso, Bolsonaro disse estar alinhado \u00e0s pautas do Meio Ambiente e que o governo brasileiro reduzir\u00e1 emiss\u00f5es e refor\u00e7ar\u00e1 servi\u00e7os ambientais. N\u00e3o deixou, claro, de pedir mais recursos internacionais. &#8220;\u00c0 luz de nossas responsabilidades comuns, por\u00e9m diferenciadas, continuamos a colaborar&hellip;<\/p>\n","protected":false},"author":1,"featured_media":20942,"comment_status":"open","ping_status":"open","sticky":false,"template":"","format":"standard","meta":{"footnotes":""},"categories":[1],"tags":[],"class_list":["post-20941","post","type-post","status-publish","format-standard","has-post-thumbnail","hentry","category-noticias"],"_links":{"self":[{"href":"https:\/\/blogdorogeriogomes.com.br\/noticias\/wp-json\/wp\/v2\/posts\/20941","targetHints":{"allow":["GET"]}}],"collection":[{"href":"https:\/\/blogdorogeriogomes.com.br\/noticias\/wp-json\/wp\/v2\/posts"}],"about":[{"href":"https:\/\/blogdorogeriogomes.com.br\/noticias\/wp-json\/wp\/v2\/types\/post"}],"author":[{"embeddable":true,"href":"https:\/\/blogdorogeriogomes.com.br\/noticias\/wp-json\/wp\/v2\/users\/1"}],"replies":[{"embeddable":true,"href":"https:\/\/blogdorogeriogomes.com.br\/noticias\/wp-json\/wp\/v2\/comments?post=20941"}],"version-history":[{"count":1,"href":"https:\/\/blogdorogeriogomes.com.br\/noticias\/wp-json\/wp\/v2\/posts\/20941\/revisions"}],"predecessor-version":[{"id":20943,"href":"https:\/\/blogdorogeriogomes.com.br\/noticias\/wp-json\/wp\/v2\/posts\/20941\/revisions\/20943"}],"wp:featuredmedia":[{"embeddable":true,"href":"https:\/\/blogdorogeriogomes.com.br\/noticias\/wp-json\/wp\/v2\/media\/20942"}],"wp:attachment":[{"href":"https:\/\/blogdorogeriogomes.com.br\/noticias\/wp-json\/wp\/v2\/media?parent=20941"}],"wp:term":[{"taxonomy":"category","embeddable":true,"href":"https:\/\/blogdorogeriogomes.com.br\/noticias\/wp-json\/wp\/v2\/categories?post=20941"},{"taxonomy":"post_tag","embeddable":true,"href":"https:\/\/blogdorogeriogomes.com.br\/noticias\/wp-json\/wp\/v2\/tags?post=20941"}],"curies":[{"name":"wp","href":"https:\/\/api.w.org\/{rel}","templated":true}]}}