{"id":20944,"date":"2021-04-22T23:05:28","date_gmt":"2021-04-22T23:05:28","guid":{"rendered":"https:\/\/blogdorogeriogomes.com.br\/?p=20944"},"modified":"2021-04-26T14:51:21","modified_gmt":"2021-04-26T14:51:21","slug":"pleno-do-stf-forma-maioria-e-da-nova-vitoria-a-lula-ao-manter-suspeicao-de-sergio-moro","status":"publish","type":"post","link":"https:\/\/blogdorogeriogomes.com.br\/noticias\/2021\/04\/pleno-do-stf-forma-maioria-e-da-nova-vitoria-a-lula-ao-manter-suspeicao-de-sergio-moro\/","title":{"rendered":"Pleno do STF forma maioria e d\u00e1 nova vit\u00f3ria a Lula ao manter suspei\u00e7\u00e3o de Sergio Moro"},"content":{"rendered":"\n<p>O Pleno do Supremo Tribunal Federal (STF) formou maioria de 7 a 2, nesta quinta-feira, dia 22 de abril, ao considerar que o ex-juiz federal Sergio Moro foi parcial ao julgar o ex-presidente Luiz In\u00e1cio Lula da Silva (PT). A decis\u00e3o mant\u00e9m o que j\u00e1 havia sido decidido na Segunda Turma, que declarou a suspei\u00e7\u00e3o do ex-juiz que ao deixar a Magistratura assumiu o Minist\u00e9rio da Justi\u00e7a no Governo Bolsonaro. Agora, o ex-presidente Lula se fortalece ainda mais para pleitear uma candidatura \u00e0 Presid\u00eancia da Rep\u00fablica em 2022, com o discurso refor\u00e7ado de que foi perseguido por Moro e os procuradores da Lava Jato.<\/p>\n\n\n\n<p>Apesar do Pleno do STF ter formado maioria, ainda h\u00e1 dois ministros a votar: Marco Aur\u00e9lio de Mello, que pediu vista, e o presidente Luiz Fux. Os dois votos devem acontecer na pr\u00f3xima quarta-feira, dia 28 de abril.<\/p>\n\n\n\n<p>O Supremo Tribunal Federal (STF) tamb\u00e9m decidiu, nesta quinta-feira, que os processos contra Lula, que ter\u00e3o de ser reiniciados do zero, devem tramitar na Justi\u00e7a Federal do Distrito Federal.&nbsp;<\/p>\n\n\n\n<figure class=\"wp-block-image size-large\"><img loading=\"lazy\" decoding=\"async\" width=\"643\" height=\"477\" src=\"https:\/\/blogdorogeriogomes.com.br\/wp-content\/uploads\/2021\/04\/images-53.jpeg\" alt=\"\" class=\"wp-image-20945\" srcset=\"https:\/\/blogdorogeriogomes.com.br\/noticias\/wp-content\/uploads\/2021\/04\/images-53.jpeg 643w, https:\/\/blogdorogeriogomes.com.br\/noticias\/wp-content\/uploads\/2021\/04\/images-53-300x223.jpeg 300w\" sizes=\"auto, (max-width: 643px) 100vw, 643px\" \/><\/figure>\n","protected":false},"excerpt":{"rendered":"<p>O Pleno do Supremo Tribunal Federal (STF) formou maioria de 7 a 2, nesta quinta-feira, dia 22 de abril, ao considerar que o ex-juiz federal Sergio Moro foi parcial ao julgar o ex-presidente Luiz In\u00e1cio Lula da Silva (PT). A decis\u00e3o mant\u00e9m o que j\u00e1 havia sido decidido na Segunda Turma, que declarou a suspei\u00e7\u00e3o do ex-juiz que ao deixar a Magistratura assumiu o Minist\u00e9rio da Justi\u00e7a no Governo Bolsonaro. Agora, o ex-presidente Lula se fortalece ainda mais para&hellip;<\/p>\n","protected":false},"author":1,"featured_media":20945,"comment_status":"open","ping_status":"open","sticky":false,"template":"","format":"standard","meta":{"footnotes":""},"categories":[1],"tags":[],"class_list":["post-20944","post","type-post","status-publish","format-standard","has-post-thumbnail","hentry","category-noticias"],"_links":{"self":[{"href":"https:\/\/blogdorogeriogomes.com.br\/noticias\/wp-json\/wp\/v2\/posts\/20944","targetHints":{"allow":["GET"]}}],"collection":[{"href":"https:\/\/blogdorogeriogomes.com.br\/noticias\/wp-json\/wp\/v2\/posts"}],"about":[{"href":"https:\/\/blogdorogeriogomes.com.br\/noticias\/wp-json\/wp\/v2\/types\/post"}],"author":[{"embeddable":true,"href":"https:\/\/blogdorogeriogomes.com.br\/noticias\/wp-json\/wp\/v2\/users\/1"}],"replies":[{"embeddable":true,"href":"https:\/\/blogdorogeriogomes.com.br\/noticias\/wp-json\/wp\/v2\/comments?post=20944"}],"version-history":[{"count":2,"href":"https:\/\/blogdorogeriogomes.com.br\/noticias\/wp-json\/wp\/v2\/posts\/20944\/revisions"}],"predecessor-version":[{"id":20977,"href":"https:\/\/blogdorogeriogomes.com.br\/noticias\/wp-json\/wp\/v2\/posts\/20944\/revisions\/20977"}],"wp:featuredmedia":[{"embeddable":true,"href":"https:\/\/blogdorogeriogomes.com.br\/noticias\/wp-json\/wp\/v2\/media\/20945"}],"wp:attachment":[{"href":"https:\/\/blogdorogeriogomes.com.br\/noticias\/wp-json\/wp\/v2\/media?parent=20944"}],"wp:term":[{"taxonomy":"category","embeddable":true,"href":"https:\/\/blogdorogeriogomes.com.br\/noticias\/wp-json\/wp\/v2\/categories?post=20944"},{"taxonomy":"post_tag","embeddable":true,"href":"https:\/\/blogdorogeriogomes.com.br\/noticias\/wp-json\/wp\/v2\/tags?post=20944"}],"curies":[{"name":"wp","href":"https:\/\/api.w.org\/{rel}","templated":true}]}}