{"id":20947,"date":"2021-04-23T10:00:46","date_gmt":"2021-04-23T10:00:46","guid":{"rendered":"https:\/\/blogdorogeriogomes.com.br\/?p=20947"},"modified":"2021-04-26T14:51:11","modified_gmt":"2021-04-26T14:51:11","slug":"20947","status":"publish","type":"post","link":"https:\/\/blogdorogeriogomes.com.br\/noticias\/2021\/04\/20947\/","title":{"rendered":"Cear\u00e1 recebe 15\u00b0 lote de vacinas e j\u00e1 planeja in\u00edcio da terceira fase dos grupos priorit\u00e1rios"},"content":{"rendered":"\n<p>A Secretaria de Sa\u00fade do Estado tenta refor\u00e7ar a vacina\u00e7\u00e3o para diminuir os \u00edndices de contamina\u00e7\u00e3o pelo coronav\u00edrus. O Cear\u00e1 recebeu, na madrugada desta sexta-feira, dia 23 de abril, uma nova remessa de vacina contra a Covid-19 com 128 mil doses. Ser\u00e3o 25 mil da CoronaVac e 103 mil da AstraZeneca\/Oxford. \u00c9 o 15\u00b0 lote de vacinas recebido pelo Estado.<\/p>\n\n\n\n<p>Alguns munic\u00edpios cearenses devem seguir em breve para a&nbsp;3\u00aa fase da Campanha Nacional de Vacina\u00e7\u00e3o Contra a Covid-19. O avan\u00e7o nas fases de imuniza\u00e7\u00e3o, contudo,&nbsp;depende do envio das doses pelo Minist\u00e9rio da Sa\u00fade. Nesta etapa, ser\u00e3o convocadas as&nbsp;pessoas com comorbidades, que s\u00e3o doen\u00e7as cr\u00f4nicas, e com defici\u00eancia permanente grave. Por isso, a Secretaria da Sa\u00fade do Cear\u00e1 (Sesa) refor\u00e7a a import\u00e2ncia da checagem dos dados registrados no Cadastro Estadual de Vacina\u00e7\u00e3o.<\/p>\n\n\n\n<p>Para as localidades que ir\u00e3o para o terceiro momento da imuniza\u00e7\u00e3o, a secret\u00e1ria executiva de Vigil\u00e2ncia e Regula\u00e7\u00e3o da Sesa, Magda Almeida,&nbsp;recomenda que as gest\u00f5es municipais incentivem a atualiza\u00e7\u00e3o do Cadastro, dispon\u00edvel na plataforma Sa\u00fade Digital.<\/p>\n\n\n\n<figure class=\"wp-block-image size-large\"><img loading=\"lazy\" decoding=\"async\" width=\"1024\" height=\"682\" src=\"https:\/\/blogdorogeriogomes.com.br\/wp-content\/uploads\/2021\/04\/IMG-20210423-WA0004-1024x682.jpg\" alt=\"\" class=\"wp-image-20948\" srcset=\"https:\/\/blogdorogeriogomes.com.br\/noticias\/wp-content\/uploads\/2021\/04\/IMG-20210423-WA0004-1024x682.jpg 1024w, https:\/\/blogdorogeriogomes.com.br\/noticias\/wp-content\/uploads\/2021\/04\/IMG-20210423-WA0004-300x200.jpg 300w, https:\/\/blogdorogeriogomes.com.br\/noticias\/wp-content\/uploads\/2021\/04\/IMG-20210423-WA0004-768x512.jpg 768w, https:\/\/blogdorogeriogomes.com.br\/noticias\/wp-content\/uploads\/2021\/04\/IMG-20210423-WA0004-800x533.jpg 800w, https:\/\/blogdorogeriogomes.com.br\/noticias\/wp-content\/uploads\/2021\/04\/IMG-20210423-WA0004.jpg 1280w\" sizes=\"auto, (max-width: 1024px) 100vw, 1024px\" \/><\/figure>\n","protected":false},"excerpt":{"rendered":"<p>A Secretaria de Sa\u00fade do Estado tenta refor\u00e7ar a vacina\u00e7\u00e3o para diminuir os \u00edndices de contamina\u00e7\u00e3o pelo coronav\u00edrus. O Cear\u00e1 recebeu, na madrugada desta sexta-feira, dia 23 de abril, uma nova remessa de vacina contra a Covid-19 com 128 mil doses. Ser\u00e3o 25 mil da CoronaVac e 103 mil da AstraZeneca\/Oxford. \u00c9 o 15\u00b0 lote de vacinas recebido pelo Estado. Alguns munic\u00edpios cearenses devem seguir em breve para a&nbsp;3\u00aa fase da Campanha Nacional de Vacina\u00e7\u00e3o Contra a Covid-19. O&hellip;<\/p>\n","protected":false},"author":1,"featured_media":20948,"comment_status":"open","ping_status":"open","sticky":false,"template":"","format":"standard","meta":{"footnotes":""},"categories":[1],"tags":[],"class_list":["post-20947","post","type-post","status-publish","format-standard","has-post-thumbnail","hentry","category-noticias"],"_links":{"self":[{"href":"https:\/\/blogdorogeriogomes.com.br\/noticias\/wp-json\/wp\/v2\/posts\/20947","targetHints":{"allow":["GET"]}}],"collection":[{"href":"https:\/\/blogdorogeriogomes.com.br\/noticias\/wp-json\/wp\/v2\/posts"}],"about":[{"href":"https:\/\/blogdorogeriogomes.com.br\/noticias\/wp-json\/wp\/v2\/types\/post"}],"author":[{"embeddable":true,"href":"https:\/\/blogdorogeriogomes.com.br\/noticias\/wp-json\/wp\/v2\/users\/1"}],"replies":[{"embeddable":true,"href":"https:\/\/blogdorogeriogomes.com.br\/noticias\/wp-json\/wp\/v2\/comments?post=20947"}],"version-history":[{"count":2,"href":"https:\/\/blogdorogeriogomes.com.br\/noticias\/wp-json\/wp\/v2\/posts\/20947\/revisions"}],"predecessor-version":[{"id":20950,"href":"https:\/\/blogdorogeriogomes.com.br\/noticias\/wp-json\/wp\/v2\/posts\/20947\/revisions\/20950"}],"wp:featuredmedia":[{"embeddable":true,"href":"https:\/\/blogdorogeriogomes.com.br\/noticias\/wp-json\/wp\/v2\/media\/20948"}],"wp:attachment":[{"href":"https:\/\/blogdorogeriogomes.com.br\/noticias\/wp-json\/wp\/v2\/media?parent=20947"}],"wp:term":[{"taxonomy":"category","embeddable":true,"href":"https:\/\/blogdorogeriogomes.com.br\/noticias\/wp-json\/wp\/v2\/categories?post=20947"},{"taxonomy":"post_tag","embeddable":true,"href":"https:\/\/blogdorogeriogomes.com.br\/noticias\/wp-json\/wp\/v2\/tags?post=20947"}],"curies":[{"name":"wp","href":"https:\/\/api.w.org\/{rel}","templated":true}]}}