{"id":20955,"date":"2021-04-23T16:08:52","date_gmt":"2021-04-23T16:08:52","guid":{"rendered":"https:\/\/blogdorogeriogomes.com.br\/?p=20955"},"modified":"2021-04-26T14:50:43","modified_gmt":"2021-04-26T14:50:43","slug":"ex-chefe-da-secom-tenta-livrar-imagem-de-bolsonaro-e-culpa-pazuello-por-falta-de-vacinas-contra-covid-19","status":"publish","type":"post","link":"https:\/\/blogdorogeriogomes.com.br\/noticias\/2021\/04\/ex-chefe-da-secom-tenta-livrar-imagem-de-bolsonaro-e-culpa-pazuello-por-falta-de-vacinas-contra-covid-19\/","title":{"rendered":"Ex-chefe da Secom tenta livrar imagem de Bolsonaro e culpa Pazuello por falta de vacinas contra Covid-19"},"content":{"rendered":"\n<p>A CPI da Covid-19 ainda n\u00e3o iniciou os trabalhos no Senado Federal, mas as estrat\u00e9gias j\u00e1 est\u00e3o em campo para gerenciar a crise no governo Bolsonaro. Em entrevista \u00e0 revista Veja, o ex-secret\u00e1rio de Comunica\u00e7\u00e3o da Presid\u00eancia, Fabio Wajngarten, culpou diretamente o ex-ministro da Sa\u00fade, general Eduardo Pazuello, pela falta de oferta de vacinas e eximiu o presidente Jair Bolsonaro de qualquer responsabilidade no gerenciamento da crise.<\/p>\n\n\n\n<p>Wajngarten disse que houve &#8220;incompet\u00eancia e inefici\u00eancia&#8221; por parte da equipe ministerial comandada por Pazuello, que deixou de comprar doses de imunizante oferecidas pela Pfizer no ano passado. &#8220;Quando voc\u00ea tem um laborat\u00f3rio americano com cinco escrit\u00f3rios de advocacia apoiando uma negocia\u00e7\u00e3o que envolve cifras milion\u00e1rias e do outro lado um time pequeno, t\u00edmido sem experi\u00eancia, \u00e9 isso que acontece&#8221;. J\u00e1 quando falou de Bolsonaro, o ex-secret\u00e1rio disse que &#8220;se as coisas n\u00e3o aconteceram, n\u00e3o foi por culpa do Planalto&#8221;.<\/p>\n\n\n\n<p>Diante da investida que visa a prote\u00e7\u00e3o de Jair Bolsonaro, o deputado federal e ex-presidente da C\u00e2mara, Rodrigo Maia (DEM), fez cr\u00edticas ao ex-Secom. &#8220;A entrevista do ex-assessor de Bolsonaro \u00e0 Veja parece combinada. Entrega a cabe\u00e7a do Pazuello e protege o presidente&#8221;, escreveu no Twitter.<\/p>\n\n\n\n<p>O fato \u00e9 que Pazuello ser\u00e1 um dos que passaram pela titularidade do Minist\u00e9rio da Sa\u00fade a serem ouvidos pela CPI da Covid, a partir da pr\u00f3xima ter\u00e7a-feira, dia 27 de abril. Ciente disto, Bolsonaro investe em manter bom relacionamento com o general, o direcionando para uma nova fun\u00e7\u00e3o dentro do governo, na Secretaria Geral do Ex\u00e9rcito, em Bras\u00edlia.<\/p>\n\n\n\n<figure class=\"wp-block-image size-large\"><img loading=\"lazy\" decoding=\"async\" width=\"420\" height=\"237\" src=\"https:\/\/blogdorogeriogomes.com.br\/wp-content\/uploads\/2021\/04\/images-55.jpeg\" alt=\"\" class=\"wp-image-20956\" srcset=\"https:\/\/blogdorogeriogomes.com.br\/noticias\/wp-content\/uploads\/2021\/04\/images-55.jpeg 420w, https:\/\/blogdorogeriogomes.com.br\/noticias\/wp-content\/uploads\/2021\/04\/images-55-300x169.jpeg 300w\" sizes=\"auto, (max-width: 420px) 100vw, 420px\" \/><\/figure>\n","protected":false},"excerpt":{"rendered":"<p>A CPI da Covid-19 ainda n\u00e3o iniciou os trabalhos no Senado Federal, mas as estrat\u00e9gias j\u00e1 est\u00e3o em campo para gerenciar a crise no governo Bolsonaro. Em entrevista \u00e0 revista Veja, o ex-secret\u00e1rio de Comunica\u00e7\u00e3o da Presid\u00eancia, Fabio Wajngarten, culpou diretamente o ex-ministro da Sa\u00fade, general Eduardo Pazuello, pela falta de oferta de vacinas e eximiu o presidente Jair Bolsonaro de qualquer responsabilidade no gerenciamento da crise. Wajngarten disse que houve &#8220;incompet\u00eancia e inefici\u00eancia&#8221; por parte da equipe ministerial&hellip;<\/p>\n","protected":false},"author":1,"featured_media":20956,"comment_status":"open","ping_status":"open","sticky":false,"template":"","format":"standard","meta":{"footnotes":""},"categories":[1],"tags":[],"class_list":["post-20955","post","type-post","status-publish","format-standard","has-post-thumbnail","hentry","category-noticias"],"_links":{"self":[{"href":"https:\/\/blogdorogeriogomes.com.br\/noticias\/wp-json\/wp\/v2\/posts\/20955","targetHints":{"allow":["GET"]}}],"collection":[{"href":"https:\/\/blogdorogeriogomes.com.br\/noticias\/wp-json\/wp\/v2\/posts"}],"about":[{"href":"https:\/\/blogdorogeriogomes.com.br\/noticias\/wp-json\/wp\/v2\/types\/post"}],"author":[{"embeddable":true,"href":"https:\/\/blogdorogeriogomes.com.br\/noticias\/wp-json\/wp\/v2\/users\/1"}],"replies":[{"embeddable":true,"href":"https:\/\/blogdorogeriogomes.com.br\/noticias\/wp-json\/wp\/v2\/comments?post=20955"}],"version-history":[{"count":1,"href":"https:\/\/blogdorogeriogomes.com.br\/noticias\/wp-json\/wp\/v2\/posts\/20955\/revisions"}],"predecessor-version":[{"id":20957,"href":"https:\/\/blogdorogeriogomes.com.br\/noticias\/wp-json\/wp\/v2\/posts\/20955\/revisions\/20957"}],"wp:featuredmedia":[{"embeddable":true,"href":"https:\/\/blogdorogeriogomes.com.br\/noticias\/wp-json\/wp\/v2\/media\/20956"}],"wp:attachment":[{"href":"https:\/\/blogdorogeriogomes.com.br\/noticias\/wp-json\/wp\/v2\/media?parent=20955"}],"wp:term":[{"taxonomy":"category","embeddable":true,"href":"https:\/\/blogdorogeriogomes.com.br\/noticias\/wp-json\/wp\/v2\/categories?post=20955"},{"taxonomy":"post_tag","embeddable":true,"href":"https:\/\/blogdorogeriogomes.com.br\/noticias\/wp-json\/wp\/v2\/tags?post=20955"}],"curies":[{"name":"wp","href":"https:\/\/api.w.org\/{rel}","templated":true}]}}