{"id":20961,"date":"2021-04-23T22:57:22","date_gmt":"2021-04-23T22:57:22","guid":{"rendered":"https:\/\/blogdorogeriogomes.com.br\/?p=20961"},"modified":"2021-04-26T14:50:13","modified_gmt":"2021-04-26T14:50:13","slug":"fortaleza-vai-beneficiar-trabalhadores-da-cultura-com-r-4-milhoes-restantes-da-lei-aldir-blanc","status":"publish","type":"post","link":"https:\/\/blogdorogeriogomes.com.br\/noticias\/2021\/04\/fortaleza-vai-beneficiar-trabalhadores-da-cultura-com-r-4-milhoes-restantes-da-lei-aldir-blanc\/","title":{"rendered":"Fortaleza vai beneficiar trabalhadores da cultura com R$ 4 milh\u00f5es restantes da lei Aldir Blanc"},"content":{"rendered":"\n<p>Cerca de R$ 4 milh\u00f5es de reais que sobraram da Lei Aldir Blanc dever\u00e3o ser utilizados para apoio a trabalhadores da cultura de Fortaleza durante a pandemia do novo Coronav\u00edrus. A a\u00e7\u00e3o vai ser voltada para artistas, agentes culturais, profissionais da cadeia produtiva, espa\u00e7os art\u00edsticos, microempresas e pequenas empresas culturais, entre outros.<br>\u201cFortaleza foi contemplada com R$ 18 milh\u00f5es e esse recurso era para ter sido utilizado ano passado. Como n\u00e3o deu para utilizar todo o recurso por uma s\u00e9rie de fatores, Fortaleza utilizou cerca de R$ 14 milh\u00f5es. Ficou um saldo residual de R$ 4 milh\u00f5es\u201d, explicou o secret\u00e1rio da Cultura de Fortaleza, Elp\u00eddio Nogueira (foto).<br>O recurso s\u00f3 poder\u00e1 ser reutilizado gra\u00e7as a um projeto de lei que prorroga o aux\u00edlio emergencial para o setor.<\/p>\n\n\n\n<figure class=\"wp-block-image size-large\"><img loading=\"lazy\" decoding=\"async\" width=\"678\" height=\"452\" src=\"https:\/\/blogdorogeriogomes.com.br\/wp-content\/uploads\/2021\/04\/images-58.jpeg\" alt=\"\" class=\"wp-image-20962\" srcset=\"https:\/\/blogdorogeriogomes.com.br\/noticias\/wp-content\/uploads\/2021\/04\/images-58.jpeg 678w, https:\/\/blogdorogeriogomes.com.br\/noticias\/wp-content\/uploads\/2021\/04\/images-58-300x200.jpeg 300w\" sizes=\"auto, (max-width: 678px) 100vw, 678px\" \/><\/figure>\n","protected":false},"excerpt":{"rendered":"<p>Cerca de R$ 4 milh\u00f5es de reais que sobraram da Lei Aldir Blanc dever\u00e3o ser utilizados para apoio a trabalhadores da cultura de Fortaleza durante a pandemia do novo Coronav\u00edrus. A a\u00e7\u00e3o vai ser voltada para artistas, agentes culturais, profissionais da cadeia produtiva, espa\u00e7os art\u00edsticos, microempresas e pequenas empresas culturais, entre outros.\u201cFortaleza foi contemplada com R$ 18 milh\u00f5es e esse recurso era para ter sido utilizado ano passado. Como n\u00e3o deu para utilizar todo o recurso por uma s\u00e9rie&hellip;<\/p>\n","protected":false},"author":1,"featured_media":20962,"comment_status":"open","ping_status":"open","sticky":false,"template":"","format":"standard","meta":{"footnotes":""},"categories":[1],"tags":[],"class_list":["post-20961","post","type-post","status-publish","format-standard","has-post-thumbnail","hentry","category-noticias"],"_links":{"self":[{"href":"https:\/\/blogdorogeriogomes.com.br\/noticias\/wp-json\/wp\/v2\/posts\/20961","targetHints":{"allow":["GET"]}}],"collection":[{"href":"https:\/\/blogdorogeriogomes.com.br\/noticias\/wp-json\/wp\/v2\/posts"}],"about":[{"href":"https:\/\/blogdorogeriogomes.com.br\/noticias\/wp-json\/wp\/v2\/types\/post"}],"author":[{"embeddable":true,"href":"https:\/\/blogdorogeriogomes.com.br\/noticias\/wp-json\/wp\/v2\/users\/1"}],"replies":[{"embeddable":true,"href":"https:\/\/blogdorogeriogomes.com.br\/noticias\/wp-json\/wp\/v2\/comments?post=20961"}],"version-history":[{"count":1,"href":"https:\/\/blogdorogeriogomes.com.br\/noticias\/wp-json\/wp\/v2\/posts\/20961\/revisions"}],"predecessor-version":[{"id":20963,"href":"https:\/\/blogdorogeriogomes.com.br\/noticias\/wp-json\/wp\/v2\/posts\/20961\/revisions\/20963"}],"wp:featuredmedia":[{"embeddable":true,"href":"https:\/\/blogdorogeriogomes.com.br\/noticias\/wp-json\/wp\/v2\/media\/20962"}],"wp:attachment":[{"href":"https:\/\/blogdorogeriogomes.com.br\/noticias\/wp-json\/wp\/v2\/media?parent=20961"}],"wp:term":[{"taxonomy":"category","embeddable":true,"href":"https:\/\/blogdorogeriogomes.com.br\/noticias\/wp-json\/wp\/v2\/categories?post=20961"},{"taxonomy":"post_tag","embeddable":true,"href":"https:\/\/blogdorogeriogomes.com.br\/noticias\/wp-json\/wp\/v2\/tags?post=20961"}],"curies":[{"name":"wp","href":"https:\/\/api.w.org\/{rel}","templated":true}]}}