{"id":20967,"date":"2021-04-24T23:52:05","date_gmt":"2021-04-24T23:52:05","guid":{"rendered":"https:\/\/blogdorogeriogomes.com.br\/?p=20967"},"modified":"2021-04-26T14:50:03","modified_gmt":"2021-04-26T14:50:03","slug":"camilo-autoriza-abertura-de-academias-barracas-de-praia-e-aulas-presenciais-ate-o-9o-ano","status":"publish","type":"post","link":"https:\/\/blogdorogeriogomes.com.br\/noticias\/2021\/04\/camilo-autoriza-abertura-de-academias-barracas-de-praia-e-aulas-presenciais-ate-o-9o-ano\/","title":{"rendered":"Camilo autoriza abertura de academias, barracas de praia e aulas presenciais at\u00e9 o 9\u00ba ano"},"content":{"rendered":"\n<p>O Cear\u00e1 deu mais um passo na flexibiliza\u00e7\u00e3o das atividades econ\u00f4micas. O governador Camilo Santana (PT) anunciou neste s\u00e1bado,  dia 24 de abril, que o novo decreto de isolamento social r\u00edgido incluir\u00e1 autoriza\u00e7\u00e3o para abertura de academias, barracas de praia e aulas presenciais em escolas at\u00e9 o 9\u00ba ano do Ensino Fundamental de segunda a sexta-feira. As restri\u00e7\u00f5es r\u00edgidas permanecem aos fins de semana. A medida ocorre, segundo Camilo, em um contexto de queda dos n\u00fameros de casos de Covid-19 em todo o Estado.<\/p>\n\n\n\n<p>As novas regras, que valem a partir de segunda-feira, dia 26, delimita que as escolas e barracas de praia operem com o limite de 40% de capacidade de ocupa\u00e7\u00e3o. No caso das academias, o limite \u00e9 de 25% da capacidade. Igrejas e templos tamb\u00e9m poder\u00e3o funcionar com o limite de 25%. &#8220;Temos uma tend\u00eancia de queda, mas ainda num plat\u00f4 muito alto. \u00c9 um momento que ainda exige muito cuidado, muita preocupa\u00e7\u00e3o&#8221;, advertiu o governador.<\/p>\n\n\n\n<p>Segundo dados da Secretaria da Sa\u00fade do Cear\u00e1 (Sesa), a m\u00e9dia m\u00f3vel de \u00f3bitos por Covid-19 caiu 53,5% nas \u00faltimas duas semanas, e a de casos confirmados reduziu em 76%. &#8220;Chegamos a ter algo em torno de 7% de letalidade e agora estamos em 2,6%&#8221;, informou o secret\u00e1rio Dr. Cabeto.<\/p>\n\n\n\n<p>No decreto que se encerra neste domingo, dia 25, j\u00e1 haviam sido inclu\u00eddos entre as atividades permitidas os com\u00e9rcios de rua, shoppings e restaurantes com limita\u00e7\u00e3o de capacidade e do hor\u00e1rio de funcionamento.<\/p>\n\n\n\n<figure class=\"wp-block-image size-large\"><img loading=\"lazy\" decoding=\"async\" width=\"678\" height=\"452\" src=\"https:\/\/blogdorogeriogomes.com.br\/wp-content\/uploads\/2021\/04\/images-60.jpeg\" alt=\"\" class=\"wp-image-20968\" srcset=\"https:\/\/blogdorogeriogomes.com.br\/noticias\/wp-content\/uploads\/2021\/04\/images-60.jpeg 678w, https:\/\/blogdorogeriogomes.com.br\/noticias\/wp-content\/uploads\/2021\/04\/images-60-300x200.jpeg 300w\" sizes=\"auto, (max-width: 678px) 100vw, 678px\" \/><\/figure>\n","protected":false},"excerpt":{"rendered":"<p>O Cear\u00e1 deu mais um passo na flexibiliza\u00e7\u00e3o das atividades econ\u00f4micas. O governador Camilo Santana (PT) anunciou neste s\u00e1bado, dia 24 de abril, que o novo decreto de isolamento social r\u00edgido incluir\u00e1 autoriza\u00e7\u00e3o para abertura de academias, barracas de praia e aulas presenciais em escolas at\u00e9 o 9\u00ba ano do Ensino Fundamental de segunda a sexta-feira. As restri\u00e7\u00f5es r\u00edgidas permanecem aos fins de semana. A medida ocorre, segundo Camilo, em um contexto de queda dos n\u00fameros de casos de&hellip;<\/p>\n","protected":false},"author":1,"featured_media":20968,"comment_status":"open","ping_status":"open","sticky":false,"template":"","format":"standard","meta":{"footnotes":""},"categories":[1],"tags":[],"class_list":["post-20967","post","type-post","status-publish","format-standard","has-post-thumbnail","hentry","category-noticias"],"_links":{"self":[{"href":"https:\/\/blogdorogeriogomes.com.br\/noticias\/wp-json\/wp\/v2\/posts\/20967","targetHints":{"allow":["GET"]}}],"collection":[{"href":"https:\/\/blogdorogeriogomes.com.br\/noticias\/wp-json\/wp\/v2\/posts"}],"about":[{"href":"https:\/\/blogdorogeriogomes.com.br\/noticias\/wp-json\/wp\/v2\/types\/post"}],"author":[{"embeddable":true,"href":"https:\/\/blogdorogeriogomes.com.br\/noticias\/wp-json\/wp\/v2\/users\/1"}],"replies":[{"embeddable":true,"href":"https:\/\/blogdorogeriogomes.com.br\/noticias\/wp-json\/wp\/v2\/comments?post=20967"}],"version-history":[{"count":1,"href":"https:\/\/blogdorogeriogomes.com.br\/noticias\/wp-json\/wp\/v2\/posts\/20967\/revisions"}],"predecessor-version":[{"id":20969,"href":"https:\/\/blogdorogeriogomes.com.br\/noticias\/wp-json\/wp\/v2\/posts\/20967\/revisions\/20969"}],"wp:featuredmedia":[{"embeddable":true,"href":"https:\/\/blogdorogeriogomes.com.br\/noticias\/wp-json\/wp\/v2\/media\/20968"}],"wp:attachment":[{"href":"https:\/\/blogdorogeriogomes.com.br\/noticias\/wp-json\/wp\/v2\/media?parent=20967"}],"wp:term":[{"taxonomy":"category","embeddable":true,"href":"https:\/\/blogdorogeriogomes.com.br\/noticias\/wp-json\/wp\/v2\/categories?post=20967"},{"taxonomy":"post_tag","embeddable":true,"href":"https:\/\/blogdorogeriogomes.com.br\/noticias\/wp-json\/wp\/v2\/tags?post=20967"}],"curies":[{"name":"wp","href":"https:\/\/api.w.org\/{rel}","templated":true}]}}