{"id":20973,"date":"2021-04-26T10:11:25","date_gmt":"2021-04-26T10:11:25","guid":{"rendered":"https:\/\/blogdorogeriogomes.com.br\/?p=20973"},"modified":"2021-04-26T14:49:30","modified_gmt":"2021-04-26T14:49:30","slug":"governo-e-oposicao-listam-documentos-para-inicio-da-cpi-da-covid-19-nesta-terca-feira","status":"publish","type":"post","link":"https:\/\/blogdorogeriogomes.com.br\/noticias\/2021\/04\/governo-e-oposicao-listam-documentos-para-inicio-da-cpi-da-covid-19-nesta-terca-feira\/","title":{"rendered":"Governo e oposi\u00e7\u00e3o listam documentos para in\u00edcio da CPI da Covid-19 nesta ter\u00e7a-feira"},"content":{"rendered":"\n<p>A CPI da Covid-19 no Senado Federal deve ser instalada nesta ter\u00e7a-feira, dia 27 de abril. E tanto oposi\u00e7\u00e3o, como Governo se preparam para os embates que vir\u00e3o pela frente. Do lado dos senadores independentes e de oposi\u00e7\u00e3o, h\u00e1 farta documenta\u00e7\u00e3o de atos falhos do Minist\u00e9rio da Sa\u00fade no enfrentamento \u00e0 pandemia. Do lado governista, a Casa Civil da Presid\u00eancia da Rep\u00fablica enviou a 13 minist\u00e9rios uma lista de 23 temas em que o governo pode ser acusado pela CPI e pede que cada pasta elabore relat\u00f3rios para que seja feita a defesa pelos senadores governistas. <\/p>\n\n\n\n<p>As poss\u00edveis acusa\u00e7\u00f5es se referem \u00e0 neglig\u00eancia com processo de aquisi\u00e7\u00e3o da vacina Coronavac.&nbsp;O Governo Bolsonaro teme tamb\u00e9m que seja acusado de ter minimizado a gravidade da pandemia, com as constante declara\u00e7\u00f5es do presidente em redes sociais e na imprensa contra as medidas de isolamento social e necessidade de vacina\u00e7\u00e3o em massa.<\/p>\n\n\n\n<p>Nos \u00faltimos dias, o presidente Jair Bolsonaro tem acirrado o discurso contra o trabalho da CPI, saindo em defesa do ex-ministro da Sa\u00fade, general Eduardo Pazuello. \u00c9 uma tentativa de mobilizar a base bolsonarista para compensar a vulnerabilidade do presidente na comiss\u00e3o, que poder\u00e1 formar elementos que venham a favorecer a aceita\u00e7\u00e3o de um processo de impeachment.<\/p>\n\n\n\n<figure class=\"wp-block-image size-large\"><img loading=\"lazy\" decoding=\"async\" width=\"679\" height=\"452\" src=\"https:\/\/blogdorogeriogomes.com.br\/wp-content\/uploads\/2021\/04\/images-61.jpeg\" alt=\"\" class=\"wp-image-20974\" srcset=\"https:\/\/blogdorogeriogomes.com.br\/noticias\/wp-content\/uploads\/2021\/04\/images-61.jpeg 679w, https:\/\/blogdorogeriogomes.com.br\/noticias\/wp-content\/uploads\/2021\/04\/images-61-300x200.jpeg 300w\" sizes=\"auto, (max-width: 679px) 100vw, 679px\" \/><\/figure>\n","protected":false},"excerpt":{"rendered":"<p>A CPI da Covid-19 no Senado Federal deve ser instalada nesta ter\u00e7a-feira, dia 27 de abril. E tanto oposi\u00e7\u00e3o, como Governo se preparam para os embates que vir\u00e3o pela frente. Do lado dos senadores independentes e de oposi\u00e7\u00e3o, h\u00e1 farta documenta\u00e7\u00e3o de atos falhos do Minist\u00e9rio da Sa\u00fade no enfrentamento \u00e0 pandemia. Do lado governista, a Casa Civil da Presid\u00eancia da Rep\u00fablica enviou a 13 minist\u00e9rios uma lista de 23 temas em que o governo pode ser acusado pela&hellip;<\/p>\n","protected":false},"author":1,"featured_media":20974,"comment_status":"open","ping_status":"open","sticky":false,"template":"","format":"standard","meta":{"footnotes":""},"categories":[1],"tags":[],"class_list":["post-20973","post","type-post","status-publish","format-standard","has-post-thumbnail","hentry","category-noticias"],"_links":{"self":[{"href":"https:\/\/blogdorogeriogomes.com.br\/noticias\/wp-json\/wp\/v2\/posts\/20973","targetHints":{"allow":["GET"]}}],"collection":[{"href":"https:\/\/blogdorogeriogomes.com.br\/noticias\/wp-json\/wp\/v2\/posts"}],"about":[{"href":"https:\/\/blogdorogeriogomes.com.br\/noticias\/wp-json\/wp\/v2\/types\/post"}],"author":[{"embeddable":true,"href":"https:\/\/blogdorogeriogomes.com.br\/noticias\/wp-json\/wp\/v2\/users\/1"}],"replies":[{"embeddable":true,"href":"https:\/\/blogdorogeriogomes.com.br\/noticias\/wp-json\/wp\/v2\/comments?post=20973"}],"version-history":[{"count":2,"href":"https:\/\/blogdorogeriogomes.com.br\/noticias\/wp-json\/wp\/v2\/posts\/20973\/revisions"}],"predecessor-version":[{"id":20976,"href":"https:\/\/blogdorogeriogomes.com.br\/noticias\/wp-json\/wp\/v2\/posts\/20973\/revisions\/20976"}],"wp:featuredmedia":[{"embeddable":true,"href":"https:\/\/blogdorogeriogomes.com.br\/noticias\/wp-json\/wp\/v2\/media\/20974"}],"wp:attachment":[{"href":"https:\/\/blogdorogeriogomes.com.br\/noticias\/wp-json\/wp\/v2\/media?parent=20973"}],"wp:term":[{"taxonomy":"category","embeddable":true,"href":"https:\/\/blogdorogeriogomes.com.br\/noticias\/wp-json\/wp\/v2\/categories?post=20973"},{"taxonomy":"post_tag","embeddable":true,"href":"https:\/\/blogdorogeriogomes.com.br\/noticias\/wp-json\/wp\/v2\/tags?post=20973"}],"curies":[{"name":"wp","href":"https:\/\/api.w.org\/{rel}","templated":true}]}}