{"id":20979,"date":"2021-04-26T23:14:02","date_gmt":"2021-04-26T23:14:02","guid":{"rendered":"https:\/\/blogdorogeriogomes.com.br\/?p=20979"},"modified":"2021-04-29T17:38:24","modified_gmt":"2021-04-29T17:38:24","slug":"cpi-da-covid-comeca-nesta-terca-feira-alvos-bolsonaro-e-pazuello-reafirmam-postura-negacionista-diante-da-pandemia","status":"publish","type":"post","link":"https:\/\/blogdorogeriogomes.com.br\/noticias\/2021\/04\/cpi-da-covid-comeca-nesta-terca-feira-alvos-bolsonaro-e-pazuello-reafirmam-postura-negacionista-diante-da-pandemia\/","title":{"rendered":"CPI da Covid come\u00e7a nesta ter\u00e7a-feira. Alvos, Bolsonaro e Pazuello reafirmam postura negacionista diante da pandemia"},"content":{"rendered":"\n<p>A Comiss\u00e3o Parlamentar de Inqu\u00e9rito (CPI) que investigar\u00e1 as a\u00e7\u00f5es e omiss\u00f5es do Governo Federal na gest\u00e3o da crise decorrente da Covid-19 no Pa\u00eds ser\u00e1 oficialmente instalada nesta ter\u00e7a-feira, dia 27 de abril, no Senado Federal. Os trabalhos contar\u00e3o com a presid\u00eancia do senador Omar Aziz (PSD), a vice-presid\u00eancia do senador Randolfe Rodrigues (Rede) e a relatoria de Renan Calheiros (MDB). Uma liminar concedida pelo juiz Charles Renaud, da 2\u00aa Vara Federal de Bras\u00edlia, impede que o senador Renan Calheiros tome posse como relator. No entanto, a liminar n\u00e3o deve prosperar, pois a Justi\u00e7a do DF n\u00e3o tem compet\u00eancia para tomar essa decis\u00e3o.<\/p>\n\n\n\n<p>Alvos centrais da CPI, o presidente Jair Bolsonaro e o ex-ministro da Sa\u00fade, Eduardo Pazuello, refor\u00e7aram nos \u00faltimos dias postura negacionista diante da seriedade da pandemia.<\/p>\n\n\n\n<p>Bolsonaro esteve, nesta segunda-feira, dia 26, em agenda de entrega de obras no munic\u00edpio de Feira de Santana, na Bahia. Sem m\u00e1scara, o presidente insistiu no descumprimento de protocolos sanit\u00e1rios e promoveu aglomera\u00e7\u00f5es. Ao ser questionado por uma jornalista sobre a sua postura em entrevista sobre a Covid-19 onde exibia uma cartaz de &#8220;CPF cancelado&#8221;, na sexta-feira passada, ele a chamou de &#8220;idiota&#8221;.<\/p>\n\n\n\n<p>No fim de semana, Eduardo Pazuello (foto) foi filmado circulando em um shopping de Manaus, cidade que sofreu explos\u00e3o de casos de coronav\u00edrus e ser\u00e1 um dos pontos analisados na investiga\u00e7\u00e3o de prov\u00e1vel omiss\u00e3o federal. Ele estava sem m\u00e1scara e, quando chamado a aten\u00e7\u00e3o, debochou da situa\u00e7\u00e3o: &#8220;onde compra isso?&#8221;.<\/p>\n\n\n\n<p>Com investigados nitidamente despreocupados com o rumo das investiga\u00e7\u00f5es, ser\u00e1 um trabalho \u00e1rduo para a base governista (minoria de quatro dentre os 11 titulares da CPI) argumentar em defesa das a\u00e7\u00f5es do governo federal na gest\u00e3o da crise sanit\u00e1ria que assola o Brasil e seus quase 400 mil mortos pela Covid-19.<\/p>\n\n\n\n<figure class=\"wp-block-image size-large\"><img loading=\"lazy\" decoding=\"async\" width=\"878\" height=\"1024\" src=\"https:\/\/blogdorogeriogomes.com.br\/wp-content\/uploads\/2021\/04\/whatsapp-image-2021-04-26-at-10.47.02-1--878x1024.jpeg\" alt=\"\" class=\"wp-image-20980\" srcset=\"https:\/\/blogdorogeriogomes.com.br\/noticias\/wp-content\/uploads\/2021\/04\/whatsapp-image-2021-04-26-at-10.47.02-1--878x1024.jpeg 878w, https:\/\/blogdorogeriogomes.com.br\/noticias\/wp-content\/uploads\/2021\/04\/whatsapp-image-2021-04-26-at-10.47.02-1--257x300.jpeg 257w, https:\/\/blogdorogeriogomes.com.br\/noticias\/wp-content\/uploads\/2021\/04\/whatsapp-image-2021-04-26-at-10.47.02-1--768x896.jpeg 768w, https:\/\/blogdorogeriogomes.com.br\/noticias\/wp-content\/uploads\/2021\/04\/whatsapp-image-2021-04-26-at-10.47.02-1--800x933.jpeg 800w, https:\/\/blogdorogeriogomes.com.br\/noticias\/wp-content\/uploads\/2021\/04\/whatsapp-image-2021-04-26-at-10.47.02-1-.jpeg 984w\" sizes=\"auto, (max-width: 878px) 100vw, 878px\" \/><\/figure>\n","protected":false},"excerpt":{"rendered":"<p>A Comiss\u00e3o Parlamentar de Inqu\u00e9rito (CPI) que investigar\u00e1 as a\u00e7\u00f5es e omiss\u00f5es do Governo Federal na gest\u00e3o da crise decorrente da Covid-19 no Pa\u00eds ser\u00e1 oficialmente instalada nesta ter\u00e7a-feira, dia 27 de abril, no Senado Federal. Os trabalhos contar\u00e3o com a presid\u00eancia do senador Omar Aziz (PSD), a vice-presid\u00eancia do senador Randolfe Rodrigues (Rede) e a relatoria de Renan Calheiros (MDB). Uma liminar concedida pelo juiz Charles Renaud, da 2\u00aa Vara Federal de Bras\u00edlia, impede que o senador Renan&hellip;<\/p>\n","protected":false},"author":1,"featured_media":20980,"comment_status":"open","ping_status":"open","sticky":false,"template":"","format":"standard","meta":{"footnotes":""},"categories":[1],"tags":[],"class_list":["post-20979","post","type-post","status-publish","format-standard","has-post-thumbnail","hentry","category-noticias"],"_links":{"self":[{"href":"https:\/\/blogdorogeriogomes.com.br\/noticias\/wp-json\/wp\/v2\/posts\/20979","targetHints":{"allow":["GET"]}}],"collection":[{"href":"https:\/\/blogdorogeriogomes.com.br\/noticias\/wp-json\/wp\/v2\/posts"}],"about":[{"href":"https:\/\/blogdorogeriogomes.com.br\/noticias\/wp-json\/wp\/v2\/types\/post"}],"author":[{"embeddable":true,"href":"https:\/\/blogdorogeriogomes.com.br\/noticias\/wp-json\/wp\/v2\/users\/1"}],"replies":[{"embeddable":true,"href":"https:\/\/blogdorogeriogomes.com.br\/noticias\/wp-json\/wp\/v2\/comments?post=20979"}],"version-history":[{"count":1,"href":"https:\/\/blogdorogeriogomes.com.br\/noticias\/wp-json\/wp\/v2\/posts\/20979\/revisions"}],"predecessor-version":[{"id":20981,"href":"https:\/\/blogdorogeriogomes.com.br\/noticias\/wp-json\/wp\/v2\/posts\/20979\/revisions\/20981"}],"wp:featuredmedia":[{"embeddable":true,"href":"https:\/\/blogdorogeriogomes.com.br\/noticias\/wp-json\/wp\/v2\/media\/20980"}],"wp:attachment":[{"href":"https:\/\/blogdorogeriogomes.com.br\/noticias\/wp-json\/wp\/v2\/media?parent=20979"}],"wp:term":[{"taxonomy":"category","embeddable":true,"href":"https:\/\/blogdorogeriogomes.com.br\/noticias\/wp-json\/wp\/v2\/categories?post=20979"},{"taxonomy":"post_tag","embeddable":true,"href":"https:\/\/blogdorogeriogomes.com.br\/noticias\/wp-json\/wp\/v2\/tags?post=20979"}],"curies":[{"name":"wp","href":"https:\/\/api.w.org\/{rel}","templated":true}]}}