{"id":20992,"date":"2021-04-27T15:11:00","date_gmt":"2021-04-27T15:11:00","guid":{"rendered":"https:\/\/blogdorogeriogomes.com.br\/?p=20992"},"modified":"2021-04-29T17:36:23","modified_gmt":"2021-04-29T17:36:23","slug":"conselho-de-altos-estudos-lanca-publicacao-sobre-a-ii-conferencia-da-caatinga","status":"publish","type":"post","link":"https:\/\/blogdorogeriogomes.com.br\/noticias\/2021\/04\/conselho-de-altos-estudos-lanca-publicacao-sobre-a-ii-conferencia-da-caatinga\/","title":{"rendered":"Conselho de Altos Estudos lan\u00e7a publica\u00e7\u00e3o sobre a II Confer\u00eancia da Caatinga"},"content":{"rendered":"\n<p>A Assembleia Legislativa do Estado do Cear\u00e1, atrav\u00e9s do Conselho de Altos Estudos e Assuntos Estrat\u00e9gicos, lan\u00e7a a publica\u00e7\u00e3o \u201cSaberes e Viveres da Caatinga \u2013 II Confer\u00eancia da Caatinga\u201d, nesta quarta-feira, dia 28 de abril, data que se comemora o Dia Nacional da Caatinga.<\/p>\n\n\n\n<p>O lan\u00e7amento acontece em parceria com a Secretaria do Meio Ambiente (SEMA), que realizar\u00e1 a entrega do pr\u00eamio Ambientalista Joaquim Feitosa, referente aos anos 2020 e 2021, dentro das comemora\u00e7\u00f5es da Semana da Caatinga. Ser\u00e1 a partir das 15h, de forma digital, transmitido pelo YouTube da SEMA, Youtube da Assembleia Legislativa, TV Assembleia e R\u00e1dio Assembleia.<\/p>\n\n\n\n<p>A II Confer\u00eancia da Caatinga e a Feira dos Saberes e das Culturas da Caatinga aconteceram em junho de 2018, sobre o tema \u201cDesenvolvimento Humano e Sustentabilidade\u201d com o objetivo de trazer \u00e0 luz as graves quest\u00f5es que preocupam governos e sociedade civil organizada em torno do bioma, com \u00eanfase na crise h\u00eddrica, na sustentabilidade e no processo agressivo de desertifica\u00e7\u00e3o, tendo como eixo central o Ser Humano.<\/p>\n\n\n\n<p>A publica\u00e7\u00e3o traz o registro da confer\u00eancia e da feira, apresentando as experi\u00eancias exitosas apresentadas por catingueiros de v\u00e1rias regi\u00f5es do Nordeste. O conjunto das institui\u00e7\u00f5es e entidades envolvidas na concep\u00e7\u00e3o e organiza\u00e7\u00e3o da II Confer\u00eancia da Caatinga (Comit\u00ea Estadual e Grupos de Trabalho) elegeu para serem analisados os Objetivos de Desenvolvimento Sustent\u00e1vel (ODS) da Organiza\u00e7\u00e3o das Na\u00e7\u00f5es Unidas (ONU) considerados estrat\u00e9gicos para o Desenvolvimento Humano e Sustent\u00e1vel no bioma.<\/p>\n\n\n\n<p>O objetivo principal foi identificar nas experi\u00eancias exitosas desenvolvidas na regi\u00e3o e as estrat\u00e9gias para o desenvolvimento humano da popula\u00e7\u00e3o na sua conviv\u00eancia com o bioma, produzindo sem agredir o meio ambiente, com sustentabilidade econ\u00f4mica e social.<\/p>\n\n\n\n<p>A solenidade digital desta quarta-feira, dia 28, contar\u00e1 com a participa\u00e7\u00e3o do presidente da Assembleia Legislativa, deputado Evandro Leit\u00e3o; do secret\u00e1rio do Meio Ambiente do Governo do Estado e presidente do Comit\u00ea da Reserva da Biosfera da Caatinga, Artur Bruno; do presidente do Conselho de Altos Estudos e Assuntos Estrat\u00e9gicos da ALECE, deputado Tin Gomes; do presidente da Comiss\u00e3o do Meio Ambiente e Desenvolvimento do Semi\u00e1rido da ALECE, deputado Leonardo Pinheiro; do reitor da Universidade Federal do Cear\u00e1, C\u00e2ndido Albuquerque; da presidente do Conselho Nacional da Reserva da Biosfera da Caatinga, Alexandrina Sobreira; e da presidente da Funda\u00e7\u00e3o Joaquim Feitosa, D. Dolores Feitosa.<\/p>\n\n\n\n<p>A confer\u00eancia- A II Confer\u00eancia da Caatinga foi um mergulho na cultura e no fazer de um povo corajoso e criativo, que busca alternativas para prosperar em uma terra que, outrora, foi sin\u00f4nimo de pobreza, mas hoje significa renova\u00e7\u00e3o e produtividade. Atento ao potencial e \u00e0s modifica\u00e7\u00f5es ambientais, sociais e econ\u00f4micas ocorridas na regi\u00e3o como um todo, o Parlamento cearense, em parceria com o Governo do Estado e apoio de in\u00fameros colaboradores, realizou a II Confer\u00eancia da Caatinga e a Feira dos Saberes e das Culturas da Caatinga, no per\u00edodo de 19 a 21 de junho de 2018. A iniciativa agregou representa\u00e7\u00f5es de 176 institui\u00e7\u00f5es p\u00fablicas dos poderes executivo, legislativo e judici\u00e1rio, universidades, entidades representativas da sociedade civil e dos setores produtivos com atua\u00e7\u00e3o no bioma Caatinga.<\/p>\n\n\n\n<p>A metodologia privilegiou a apresenta\u00e7\u00e3o das experi\u00eancias exitosas, a partir de a\u00e7\u00f5es realizadas em todo o Nordeste; as diferentes vis\u00f5es de um Bioma, os ODS e a Caatinga; e o balan\u00e7o dos compromissos assumidos na Confer\u00eancia de 2012. O relato preciso das experi\u00eancias exitosas apresentadas na II Confer\u00eancia da Caatinga foi distribu\u00eddo em quatro eixos tem\u00e1ticos: Agropecu\u00e1ria; Meio Ambiente; Seguran\u00e7a H\u00eddrica e Saneamento e Desenvolvimento Econ\u00f4mico e Social, que demonstram como \u00e9 poss\u00edvel conviver e gerar postos de trabalho e renda, numa conviv\u00eancia sustent\u00e1vel, respeitando as diferentes manifesta\u00e7\u00f5es ambientais da Caatinga.<\/p>\n\n\n\n<p>A Feira de Saberes e das Culturas da Caatinga disponibilizou aos visitantes, os costumes, a culin\u00e1ria, a m\u00fasica e a dan\u00e7a, o artesanato e os saberes, apresentados em estandes e espa\u00e7os tem\u00e1ticos a diferentes p\u00fablicos, principalmente estudantes, curiosos em conhecer a cultura nordestina.<\/p>\n\n\n\n<p>Uma mo\u00e7\u00e3o em defesa dos interesses do bioma foi lida e aprovada na cerim\u00f4nia de encerramento, propondo o fortalecimento de duas das Institui\u00e7\u00f5es fundamentais para o bioma e para a Regi\u00e3o Nordeste: o Departamento Nacional de Obras Contra as Secas (Dnocs) e a Superintend\u00eancia de Desenvolvimento do Nordeste (Sudene). A realiza\u00e7\u00e3o da II Confer\u00eancia da Caatinga foi da Assembleia Legislativa e Governo do Estado do Cear\u00e1 por meio da Secretaria do Desenvolvimento Agr\u00e1rio, Instituto Agropolos, e da Secretaria do Meio Ambiente do Cear\u00e1.<\/p>\n\n\n\n<p>Contou com o apoio do Departamento Nacional de Obras Contra as Secas (Dnocs), Instituto Brasileiro do Meio Ambiente e dos Recursos Naturais Renov\u00e1veis (Ibama-Superintend\u00eancia do Cear\u00e1) e Banco do Nordeste, com parceria do Instituto Nordeste XXI, Funda\u00e7\u00e3o Bernardo Feitosa e Instituto Brasileiro de Administra\u00e7\u00e3o para o Desenvolvimento (Ibrad), realizadores da confer\u00eancia. A coordena\u00e7\u00e3o foi do Conselho de Altos Estudos e Assuntos Estrat\u00e9gicos, \u00f3rg\u00e3o que oferece embasamento t\u00e9cnico-cient\u00edfico ao planejamento de pol\u00edticas p\u00fablicas do legislativo estadual cearense.<\/p>\n\n\n\n<p>Mas, para falar na II Confer\u00eancia, \u00e9 necess\u00e1rio resgatar informa\u00e7\u00f5es da I Confer\u00eancia, registrada na bela publica\u00e7\u00e3o \u201cO Mundo da Caatinga\u201d. Foi um debate que, pela primeira vez, se debru\u00e7ou sobre um bioma exclusivamente brasileiro. A iniciativa construiu o \u201cPacto pelo Desenvolvimento Sustent\u00e1vel\u201d e levou a \u201cDeclara\u00e7\u00e3o da Caatinga\u201d para a Rio+20, em junho de 2012.<\/p>\n\n\n\n<figure class=\"wp-block-image size-large\"><img loading=\"lazy\" decoding=\"async\" width=\"949\" height=\"532\" src=\"https:\/\/blogdorogeriogomes.com.br\/wp-content\/uploads\/2021\/04\/IMG-20210427-WA0058.jpg\" alt=\"\" class=\"wp-image-20993\" srcset=\"https:\/\/blogdorogeriogomes.com.br\/noticias\/wp-content\/uploads\/2021\/04\/IMG-20210427-WA0058.jpg 949w, https:\/\/blogdorogeriogomes.com.br\/noticias\/wp-content\/uploads\/2021\/04\/IMG-20210427-WA0058-300x168.jpg 300w, https:\/\/blogdorogeriogomes.com.br\/noticias\/wp-content\/uploads\/2021\/04\/IMG-20210427-WA0058-768x431.jpg 768w, https:\/\/blogdorogeriogomes.com.br\/noticias\/wp-content\/uploads\/2021\/04\/IMG-20210427-WA0058-800x448.jpg 800w\" sizes=\"auto, (max-width: 949px) 100vw, 949px\" \/><\/figure>\n\n\n\n<p><\/p>\n","protected":false},"excerpt":{"rendered":"<p>A Assembleia Legislativa do Estado do Cear\u00e1, atrav\u00e9s do Conselho de Altos Estudos e Assuntos Estrat\u00e9gicos, lan\u00e7a a publica\u00e7\u00e3o \u201cSaberes e Viveres da Caatinga \u2013 II Confer\u00eancia da Caatinga\u201d, nesta quarta-feira, dia 28 de abril, data que se comemora o Dia Nacional da Caatinga. O lan\u00e7amento acontece em parceria com a Secretaria do Meio Ambiente (SEMA), que realizar\u00e1 a entrega do pr\u00eamio Ambientalista Joaquim Feitosa, referente aos anos 2020 e 2021, dentro das comemora\u00e7\u00f5es da Semana da Caatinga. Ser\u00e1&hellip;<\/p>\n","protected":false},"author":1,"featured_media":20993,"comment_status":"open","ping_status":"open","sticky":false,"template":"","format":"standard","meta":{"footnotes":""},"categories":[1],"tags":[],"class_list":["post-20992","post","type-post","status-publish","format-standard","has-post-thumbnail","hentry","category-noticias"],"_links":{"self":[{"href":"https:\/\/blogdorogeriogomes.com.br\/noticias\/wp-json\/wp\/v2\/posts\/20992","targetHints":{"allow":["GET"]}}],"collection":[{"href":"https:\/\/blogdorogeriogomes.com.br\/noticias\/wp-json\/wp\/v2\/posts"}],"about":[{"href":"https:\/\/blogdorogeriogomes.com.br\/noticias\/wp-json\/wp\/v2\/types\/post"}],"author":[{"embeddable":true,"href":"https:\/\/blogdorogeriogomes.com.br\/noticias\/wp-json\/wp\/v2\/users\/1"}],"replies":[{"embeddable":true,"href":"https:\/\/blogdorogeriogomes.com.br\/noticias\/wp-json\/wp\/v2\/comments?post=20992"}],"version-history":[{"count":1,"href":"https:\/\/blogdorogeriogomes.com.br\/noticias\/wp-json\/wp\/v2\/posts\/20992\/revisions"}],"predecessor-version":[{"id":20994,"href":"https:\/\/blogdorogeriogomes.com.br\/noticias\/wp-json\/wp\/v2\/posts\/20992\/revisions\/20994"}],"wp:featuredmedia":[{"embeddable":true,"href":"https:\/\/blogdorogeriogomes.com.br\/noticias\/wp-json\/wp\/v2\/media\/20993"}],"wp:attachment":[{"href":"https:\/\/blogdorogeriogomes.com.br\/noticias\/wp-json\/wp\/v2\/media?parent=20992"}],"wp:term":[{"taxonomy":"category","embeddable":true,"href":"https:\/\/blogdorogeriogomes.com.br\/noticias\/wp-json\/wp\/v2\/categories?post=20992"},{"taxonomy":"post_tag","embeddable":true,"href":"https:\/\/blogdorogeriogomes.com.br\/noticias\/wp-json\/wp\/v2\/tags?post=20992"}],"curies":[{"name":"wp","href":"https:\/\/api.w.org\/{rel}","templated":true}]}}