{"id":20998,"date":"2021-04-27T22:33:59","date_gmt":"2021-04-27T22:33:59","guid":{"rendered":"https:\/\/blogdorogeriogomes.com.br\/?p=20998"},"modified":"2021-04-29T17:36:04","modified_gmt":"2021-04-29T17:36:04","slug":"cpi-da-covid-calheiros-abre-trabalhos-falando-em-luta-contra-agenda-da-morte-e-punicao-imediata-aos-culpados","status":"publish","type":"post","link":"https:\/\/blogdorogeriogomes.com.br\/noticias\/2021\/04\/cpi-da-covid-calheiros-abre-trabalhos-falando-em-luta-contra-agenda-da-morte-e-punicao-imediata-aos-culpados\/","title":{"rendered":"CPI da Covid: Calheiros abre trabalhos falando em luta contra &#8220;agenda da morte&#8221; e puni\u00e7\u00e3o imediata aos culpados"},"content":{"rendered":"\n<p>A CPI da Covid-19 come\u00e7ou no Senado Federal. E promete muita press\u00e3o sobre o governo Bolsonaro nas suas a\u00e7\u00f5es e prov\u00e1veis omiss\u00f5es diante da crise sanit\u00e1ria decorrente do agravamento da pandemia no Pa\u00eds. Na abertura dos trabalhos nesta ter\u00e7a-feira, dia 27 de abril, o senador e relator do inqu\u00e9rito, Renan Calheiros (MDB), afirmou que esta ser\u00e1 uma &#8220;cruzada contra a agenda da morte&#8221; para o Brasil. O emedebista tamb\u00e9m destacou que, caso sejam identificados culpados, todos devem ser punidos &#8220;imediatamente e emblematicamente&#8221;, al\u00e9m de proferir cr\u00edticas ao negacionismo do presidente Jair Bolsonaro.<\/p>\n\n\n\n<p>Logo nos primeiros passos da CPI, a mesa da comiss\u00e3o prop\u00f4s a convoca\u00e7\u00e3o do atual ministro da Sa\u00fade, Marcelo Queiroga, e todos os ex-titulares que ocuparam a pasta durante a pandemia: Henrique Mandetta, Nelson Teich e Eduardo Pazuello. O objetivo \u00e9 que a apura\u00e7\u00e3o inicie com presta\u00e7\u00e3o de contas sobre o que efetivamente foi feito pelas autoridades para conter o avan\u00e7o do coronav\u00edrus por todo o territ\u00f3rio nacional.<\/p>\n\n\n\n<p>Diante da press\u00e3o, os parlamentares de base do governo, que s\u00e3o minoria dentro da comiss\u00e3o (quatro contra sete titulares de oposi\u00e7\u00e3o ao governo), protestaram e pediram o prazo de 24 horas para fazer sugest\u00f5es ao plano de trabalho inicial das apura\u00e7\u00f5es. Ao todo, foram elencados 11 temas para serem destrinchados na CPI, envolvendo negocia\u00e7\u00f5es para aquisi\u00e7\u00e3o de vacina pelo Minist\u00e9rio da Sa\u00fade, contratos e conv\u00eanios da Uni\u00e3o, or\u00e7amentos, esclarecimentos sobre fake news, postura da Ag\u00eancia Nacional de Vigil\u00e2ncia Sanit\u00e1ria na pandemia, falta de oxig\u00eanio em Manaus, dentre outros assuntos.<\/p>\n\n\n\n<p>Al\u00e9m de Renan Calheiros, a composi\u00e7\u00e3o dos 11 titulares da CPI foi confirmada com Omar Aziz (PSD) na presid\u00eancia, Randolfe Rodrigues (Rede) na vice-presid\u00eancia. Dois senadores cearenses est\u00e3o no grupo, Eduardo Gir\u00e3o (Podemos) e Tasso Jereissati (PSDB). Gir\u00e3o tentou a presid\u00eancia da comiss\u00e3o, contudo fracassou na articula\u00e7\u00e3o e obteve apenas o apoio de outros tr\u00eas parlamentares. Ciro Nogueira (PP), Eduardo Braga (MDB), Humberto Costa (PT), Jorginho Mello (PL), Marcos Rog\u00e9rio (DEM) e Otto Alencar (PSD) s\u00e3o os outros nomes.<\/p>\n\n\n\n<figure class=\"wp-block-image size-large\"><img loading=\"lazy\" decoding=\"async\" width=\"715\" height=\"429\" src=\"https:\/\/blogdorogeriogomes.com.br\/wp-content\/uploads\/2021\/04\/images-66.jpeg\" alt=\"\" class=\"wp-image-20999\" srcset=\"https:\/\/blogdorogeriogomes.com.br\/noticias\/wp-content\/uploads\/2021\/04\/images-66.jpeg 715w, https:\/\/blogdorogeriogomes.com.br\/noticias\/wp-content\/uploads\/2021\/04\/images-66-300x180.jpeg 300w\" sizes=\"auto, (max-width: 715px) 100vw, 715px\" \/><\/figure>\n","protected":false},"excerpt":{"rendered":"<p>A CPI da Covid-19 come\u00e7ou no Senado Federal. E promete muita press\u00e3o sobre o governo Bolsonaro nas suas a\u00e7\u00f5es e prov\u00e1veis omiss\u00f5es diante da crise sanit\u00e1ria decorrente do agravamento da pandemia no Pa\u00eds. Na abertura dos trabalhos nesta ter\u00e7a-feira, dia 27 de abril, o senador e relator do inqu\u00e9rito, Renan Calheiros (MDB), afirmou que esta ser\u00e1 uma &#8220;cruzada contra a agenda da morte&#8221; para o Brasil. O emedebista tamb\u00e9m destacou que, caso sejam identificados culpados, todos devem ser punidos&hellip;<\/p>\n","protected":false},"author":1,"featured_media":20999,"comment_status":"open","ping_status":"open","sticky":false,"template":"","format":"standard","meta":{"footnotes":""},"categories":[1],"tags":[],"class_list":["post-20998","post","type-post","status-publish","format-standard","has-post-thumbnail","hentry","category-noticias"],"_links":{"self":[{"href":"https:\/\/blogdorogeriogomes.com.br\/noticias\/wp-json\/wp\/v2\/posts\/20998","targetHints":{"allow":["GET"]}}],"collection":[{"href":"https:\/\/blogdorogeriogomes.com.br\/noticias\/wp-json\/wp\/v2\/posts"}],"about":[{"href":"https:\/\/blogdorogeriogomes.com.br\/noticias\/wp-json\/wp\/v2\/types\/post"}],"author":[{"embeddable":true,"href":"https:\/\/blogdorogeriogomes.com.br\/noticias\/wp-json\/wp\/v2\/users\/1"}],"replies":[{"embeddable":true,"href":"https:\/\/blogdorogeriogomes.com.br\/noticias\/wp-json\/wp\/v2\/comments?post=20998"}],"version-history":[{"count":1,"href":"https:\/\/blogdorogeriogomes.com.br\/noticias\/wp-json\/wp\/v2\/posts\/20998\/revisions"}],"predecessor-version":[{"id":21000,"href":"https:\/\/blogdorogeriogomes.com.br\/noticias\/wp-json\/wp\/v2\/posts\/20998\/revisions\/21000"}],"wp:featuredmedia":[{"embeddable":true,"href":"https:\/\/blogdorogeriogomes.com.br\/noticias\/wp-json\/wp\/v2\/media\/20999"}],"wp:attachment":[{"href":"https:\/\/blogdorogeriogomes.com.br\/noticias\/wp-json\/wp\/v2\/media?parent=20998"}],"wp:term":[{"taxonomy":"category","embeddable":true,"href":"https:\/\/blogdorogeriogomes.com.br\/noticias\/wp-json\/wp\/v2\/categories?post=20998"},{"taxonomy":"post_tag","embeddable":true,"href":"https:\/\/blogdorogeriogomes.com.br\/noticias\/wp-json\/wp\/v2\/tags?post=20998"}],"curies":[{"name":"wp","href":"https:\/\/api.w.org\/{rel}","templated":true}]}}