{"id":21004,"date":"2021-04-27T23:06:19","date_gmt":"2021-04-27T23:06:19","guid":{"rendered":"https:\/\/blogdorogeriogomes.com.br\/?p=21004"},"modified":"2021-04-29T17:34:40","modified_gmt":"2021-04-29T17:34:40","slug":"ministerio-da-saude-divulga-nova-nota-orientando-a-aplicacao-da-segunda-dose-da-vacina-contra-covid-19","status":"publish","type":"post","link":"https:\/\/blogdorogeriogomes.com.br\/noticias\/2021\/04\/ministerio-da-saude-divulga-nova-nota-orientando-a-aplicacao-da-segunda-dose-da-vacina-contra-covid-19\/","title":{"rendered":"Minist\u00e9rio da Sa\u00fade divulga nova nota orientando a aplica\u00e7\u00e3o da segunda dose da vacina contra Covid-19"},"content":{"rendered":"\n<p>O Minist\u00e9rio da sa\u00fade divulgou, nesta ter\u00e7a-feira, dia 27 de abril, uma nova nota t\u00e9cnica onde orienta a popula\u00e7\u00e3o a tomar a segunda dose da vacina contra a Covid-19, mesmo que a aplica\u00e7\u00e3o ocorra fora do prazo recomendado pelo laborat\u00f3rio. As secretarias estaduais de sa\u00fade devem agora j\u00e1 deixar reservada a segunda dose da vacina logo que aplique a primeira, a partir da chegada de novos lotes.<br>As vacinas Sinovac\/Butantan est\u00e3o atualmente dispon\u00edveis no Programa Nacional de Imuniza\u00e7\u00e3o, com o intervalo de apenas quatro semanas, a AstraZeneca\/Fiocruz tem o intervalo de 12 semanas.<\/p>\n\n\n\n<p>Esta semana, algumas capitais brasileiras j\u00e1 apresentavam falta de doses para fazer a segunda aplica\u00e7\u00e3o e pessoas, que tomaram a primeira dose, j\u00e1 reclamavam que o prazo para receber a dose suplementar j\u00e1 tinha vencido.<\/p>\n\n\n\n<figure class=\"wp-block-image size-large\"><img loading=\"lazy\" decoding=\"async\" width=\"678\" height=\"452\" src=\"https:\/\/blogdorogeriogomes.com.br\/wp-content\/uploads\/2021\/04\/images-68.jpeg\" alt=\"\" class=\"wp-image-21005\" srcset=\"https:\/\/blogdorogeriogomes.com.br\/noticias\/wp-content\/uploads\/2021\/04\/images-68.jpeg 678w, https:\/\/blogdorogeriogomes.com.br\/noticias\/wp-content\/uploads\/2021\/04\/images-68-300x200.jpeg 300w\" sizes=\"auto, (max-width: 678px) 100vw, 678px\" \/><\/figure>\n","protected":false},"excerpt":{"rendered":"<p>O Minist\u00e9rio da sa\u00fade divulgou, nesta ter\u00e7a-feira, dia 27 de abril, uma nova nota t\u00e9cnica onde orienta a popula\u00e7\u00e3o a tomar a segunda dose da vacina contra a Covid-19, mesmo que a aplica\u00e7\u00e3o ocorra fora do prazo recomendado pelo laborat\u00f3rio. As secretarias estaduais de sa\u00fade devem agora j\u00e1 deixar reservada a segunda dose da vacina logo que aplique a primeira, a partir da chegada de novos lotes.As vacinas Sinovac\/Butantan est\u00e3o atualmente dispon\u00edveis no Programa Nacional de Imuniza\u00e7\u00e3o, com o&hellip;<\/p>\n","protected":false},"author":1,"featured_media":21005,"comment_status":"open","ping_status":"open","sticky":false,"template":"","format":"standard","meta":{"footnotes":""},"categories":[1],"tags":[],"class_list":["post-21004","post","type-post","status-publish","format-standard","has-post-thumbnail","hentry","category-noticias"],"_links":{"self":[{"href":"https:\/\/blogdorogeriogomes.com.br\/noticias\/wp-json\/wp\/v2\/posts\/21004","targetHints":{"allow":["GET"]}}],"collection":[{"href":"https:\/\/blogdorogeriogomes.com.br\/noticias\/wp-json\/wp\/v2\/posts"}],"about":[{"href":"https:\/\/blogdorogeriogomes.com.br\/noticias\/wp-json\/wp\/v2\/types\/post"}],"author":[{"embeddable":true,"href":"https:\/\/blogdorogeriogomes.com.br\/noticias\/wp-json\/wp\/v2\/users\/1"}],"replies":[{"embeddable":true,"href":"https:\/\/blogdorogeriogomes.com.br\/noticias\/wp-json\/wp\/v2\/comments?post=21004"}],"version-history":[{"count":1,"href":"https:\/\/blogdorogeriogomes.com.br\/noticias\/wp-json\/wp\/v2\/posts\/21004\/revisions"}],"predecessor-version":[{"id":21006,"href":"https:\/\/blogdorogeriogomes.com.br\/noticias\/wp-json\/wp\/v2\/posts\/21004\/revisions\/21006"}],"wp:featuredmedia":[{"embeddable":true,"href":"https:\/\/blogdorogeriogomes.com.br\/noticias\/wp-json\/wp\/v2\/media\/21005"}],"wp:attachment":[{"href":"https:\/\/blogdorogeriogomes.com.br\/noticias\/wp-json\/wp\/v2\/media?parent=21004"}],"wp:term":[{"taxonomy":"category","embeddable":true,"href":"https:\/\/blogdorogeriogomes.com.br\/noticias\/wp-json\/wp\/v2\/categories?post=21004"},{"taxonomy":"post_tag","embeddable":true,"href":"https:\/\/blogdorogeriogomes.com.br\/noticias\/wp-json\/wp\/v2\/tags?post=21004"}],"curies":[{"name":"wp","href":"https:\/\/api.w.org\/{rel}","templated":true}]}}