{"id":21007,"date":"2021-04-28T09:51:44","date_gmt":"2021-04-28T09:51:44","guid":{"rendered":"https:\/\/blogdorogeriogomes.com.br\/?p=21007"},"modified":"2021-04-29T17:34:28","modified_gmt":"2021-04-29T17:34:28","slug":"ceara-pode-avancar-para-a-terceira-fase-de-vacinacao-contra-a-covid-19-mas-depende-do-envio-de-mais-doses-pelo-governo-federal","status":"publish","type":"post","link":"https:\/\/blogdorogeriogomes.com.br\/noticias\/2021\/04\/ceara-pode-avancar-para-a-terceira-fase-de-vacinacao-contra-a-covid-19-mas-depende-do-envio-de-mais-doses-pelo-governo-federal\/","title":{"rendered":"Cear\u00e1 pode avan\u00e7ar para a terceira fase de vacina\u00e7\u00e3o contra a Covid-19, mas depende do envio de mais doses pelo Governo Federal"},"content":{"rendered":"\n<p>Alguns munic\u00edpios cearenses devem seguir em breve para a 3\u00aa fase da Campanha Nacional de Vacina\u00e7\u00e3o Contra a Covid-19. O avan\u00e7o nas fases de imuniza\u00e7\u00e3o depende do envio das doses pelo Minist\u00e9rio da Sa\u00fade.<\/p>\n\n\n\n<p>Nesta pr\u00f3xima etapa, ser\u00e3o convocadas as pessoas com comorbidades \u2013 doen\u00e7as cr\u00f4nicas listadas pelo Minist\u00e9rio \u2013 e com defici\u00eancia permanente grave. Tamb\u00e9m devem ser convocadas gestantes e pu\u00e9rperas (mulheres com at\u00e9 45 dias ap\u00f3s o parto). A ideia \u00e9 seguir tamb\u00e9m a ordem por faixa et\u00e1ria a come\u00e7ar com pessoas com 59 anos. Ser\u00e1 necess\u00e1rio mostrar documenta\u00e7\u00e3o comprovando a exist\u00eancia da cormobidade para se vacinar.<\/p>\n\n\n\n<p>A Secretaria da Sa\u00fade do Cear\u00e1 (Sesa) refor\u00e7a a import\u00e2ncia da checagem dos dados registrados no Cadastro Estadual de Vacina\u00e7\u00e3o. O cadastro pode ser atualizado pela plataforma Sa\u00fade Digital.<\/p>\n\n\n\n<p>Segundo o Vacin\u00f4metro, da Secretaria da Sa\u00fade, j\u00e1 foram aplicadas em todo o Cear\u00e1 1.890.434 doses da vacina, sendo 1.282.110 como primeira dose e 608.324 como segunda dose.<\/p>\n\n\n\n<figure class=\"wp-block-image size-large\"><img loading=\"lazy\" decoding=\"async\" width=\"738\" height=\"415\" src=\"https:\/\/blogdorogeriogomes.com.br\/wp-content\/uploads\/2021\/04\/images-10-1.jpeg\" alt=\"\" class=\"wp-image-21008\" srcset=\"https:\/\/blogdorogeriogomes.com.br\/noticias\/wp-content\/uploads\/2021\/04\/images-10-1.jpeg 738w, https:\/\/blogdorogeriogomes.com.br\/noticias\/wp-content\/uploads\/2021\/04\/images-10-1-300x169.jpeg 300w\" sizes=\"auto, (max-width: 738px) 100vw, 738px\" \/><\/figure>\n\n\n\n<p><\/p>\n","protected":false},"excerpt":{"rendered":"<p>Alguns munic\u00edpios cearenses devem seguir em breve para a 3\u00aa fase da Campanha Nacional de Vacina\u00e7\u00e3o Contra a Covid-19. O avan\u00e7o nas fases de imuniza\u00e7\u00e3o depende do envio das doses pelo Minist\u00e9rio da Sa\u00fade. Nesta pr\u00f3xima etapa, ser\u00e3o convocadas as pessoas com comorbidades \u2013 doen\u00e7as cr\u00f4nicas listadas pelo Minist\u00e9rio \u2013 e com defici\u00eancia permanente grave. Tamb\u00e9m devem ser convocadas gestantes e pu\u00e9rperas (mulheres com at\u00e9 45 dias ap\u00f3s o parto). A ideia \u00e9 seguir tamb\u00e9m a ordem por faixa&hellip;<\/p>\n","protected":false},"author":1,"featured_media":21008,"comment_status":"open","ping_status":"open","sticky":false,"template":"","format":"standard","meta":{"footnotes":""},"categories":[1],"tags":[],"class_list":["post-21007","post","type-post","status-publish","format-standard","has-post-thumbnail","hentry","category-noticias"],"_links":{"self":[{"href":"https:\/\/blogdorogeriogomes.com.br\/noticias\/wp-json\/wp\/v2\/posts\/21007","targetHints":{"allow":["GET"]}}],"collection":[{"href":"https:\/\/blogdorogeriogomes.com.br\/noticias\/wp-json\/wp\/v2\/posts"}],"about":[{"href":"https:\/\/blogdorogeriogomes.com.br\/noticias\/wp-json\/wp\/v2\/types\/post"}],"author":[{"embeddable":true,"href":"https:\/\/blogdorogeriogomes.com.br\/noticias\/wp-json\/wp\/v2\/users\/1"}],"replies":[{"embeddable":true,"href":"https:\/\/blogdorogeriogomes.com.br\/noticias\/wp-json\/wp\/v2\/comments?post=21007"}],"version-history":[{"count":1,"href":"https:\/\/blogdorogeriogomes.com.br\/noticias\/wp-json\/wp\/v2\/posts\/21007\/revisions"}],"predecessor-version":[{"id":21009,"href":"https:\/\/blogdorogeriogomes.com.br\/noticias\/wp-json\/wp\/v2\/posts\/21007\/revisions\/21009"}],"wp:featuredmedia":[{"embeddable":true,"href":"https:\/\/blogdorogeriogomes.com.br\/noticias\/wp-json\/wp\/v2\/media\/21008"}],"wp:attachment":[{"href":"https:\/\/blogdorogeriogomes.com.br\/noticias\/wp-json\/wp\/v2\/media?parent=21007"}],"wp:term":[{"taxonomy":"category","embeddable":true,"href":"https:\/\/blogdorogeriogomes.com.br\/noticias\/wp-json\/wp\/v2\/categories?post=21007"},{"taxonomy":"post_tag","embeddable":true,"href":"https:\/\/blogdorogeriogomes.com.br\/noticias\/wp-json\/wp\/v2\/tags?post=21007"}],"curies":[{"name":"wp","href":"https:\/\/api.w.org\/{rel}","templated":true}]}}