{"id":21013,"date":"2021-04-28T20:01:07","date_gmt":"2021-04-28T20:01:07","guid":{"rendered":"https:\/\/blogdorogeriogomes.com.br\/?p=21013"},"modified":"2021-04-29T17:34:00","modified_gmt":"2021-04-29T17:34:00","slug":"vereadores-de-fortaleza-tambem-se-unem-para-cobrar-do-governo-federal-a-realizacao-do-censo-do-ibge","status":"publish","type":"post","link":"https:\/\/blogdorogeriogomes.com.br\/noticias\/2021\/04\/vereadores-de-fortaleza-tambem-se-unem-para-cobrar-do-governo-federal-a-realizacao-do-censo-do-ibge\/","title":{"rendered":"Vereadores de Fortaleza tamb\u00e9m se unem para cobrar do Governo Federal a realiza\u00e7\u00e3o do Censo do IBGE"},"content":{"rendered":"\n<p>Em sess\u00e3o da C\u00e2mara Municipal de Fortaleza, nesta quarta-feira, dia 28 de abril, o vereador L\u00facio Bruno (PDT) criticou o corte de 96% do Or\u00e7amento que seria destinado a realiza\u00e7\u00e3o do concurso p\u00fablico para profissionais que iriam realizar o Censo Demogr\u00e1fico do IBGE, cancelado pelo Governo Federal por falta de verbas.<\/p>\n\n\n\n<p>O parlamentar pedetista frisou que para o planejamento de pol\u00edticas p\u00fablicas para o Pa\u00eds, \u00e9 necess\u00e1rio saber, principalmente, quem \u00e9 este p\u00fablico e o que ele est\u00e1 precisando atualmente, visto que o \u00faltimo Censo foi realizado h\u00e1 11 anos. Por lei, a pesquisa mais importante do Pa\u00eds, deve ser realizada a cada d\u00e9cada.<\/p>\n\n\n\n<p>Durante seu pronunciamento, mesmo j\u00e1 sabendo da determina\u00e7\u00e3o dada pelo ministro do Supremo Tribunal Federal, Marco Aur\u00e9lio Mello, para a volta do Or\u00e7amento, o vereador sugeriu que todos os parlamentares da casa pudessem, em uni\u00e3o com suas bancadas, pressionar o Governo Federal pela volta do Or\u00e7amento completo, incentivando tamb\u00e9m as demais Casas Legislativas pelo Brasil a fazerem o mesmo.<\/p>\n\n\n\n<figure class=\"wp-block-image size-large\"><img loading=\"lazy\" decoding=\"async\" width=\"1024\" height=\"768\" src=\"https:\/\/blogdorogeriogomes.com.br\/wp-content\/uploads\/2021\/04\/IMG-20210428-WA0066-1024x768.jpg\" alt=\"\" class=\"wp-image-21014\" srcset=\"https:\/\/blogdorogeriogomes.com.br\/noticias\/wp-content\/uploads\/2021\/04\/IMG-20210428-WA0066-1024x768.jpg 1024w, https:\/\/blogdorogeriogomes.com.br\/noticias\/wp-content\/uploads\/2021\/04\/IMG-20210428-WA0066-300x225.jpg 300w, https:\/\/blogdorogeriogomes.com.br\/noticias\/wp-content\/uploads\/2021\/04\/IMG-20210428-WA0066-768x576.jpg 768w, https:\/\/blogdorogeriogomes.com.br\/noticias\/wp-content\/uploads\/2021\/04\/IMG-20210428-WA0066-800x600.jpg 800w, https:\/\/blogdorogeriogomes.com.br\/noticias\/wp-content\/uploads\/2021\/04\/IMG-20210428-WA0066-400x300.jpg 400w, https:\/\/blogdorogeriogomes.com.br\/noticias\/wp-content\/uploads\/2021\/04\/IMG-20210428-WA0066.jpg 1280w\" sizes=\"auto, (max-width: 1024px) 100vw, 1024px\" \/><\/figure>\n","protected":false},"excerpt":{"rendered":"<p>Em sess\u00e3o da C\u00e2mara Municipal de Fortaleza, nesta quarta-feira, dia 28 de abril, o vereador L\u00facio Bruno (PDT) criticou o corte de 96% do Or\u00e7amento que seria destinado a realiza\u00e7\u00e3o do concurso p\u00fablico para profissionais que iriam realizar o Censo Demogr\u00e1fico do IBGE, cancelado pelo Governo Federal por falta de verbas. O parlamentar pedetista frisou que para o planejamento de pol\u00edticas p\u00fablicas para o Pa\u00eds, \u00e9 necess\u00e1rio saber, principalmente, quem \u00e9 este p\u00fablico e o que ele est\u00e1 precisando&hellip;<\/p>\n","protected":false},"author":1,"featured_media":21014,"comment_status":"open","ping_status":"open","sticky":false,"template":"","format":"standard","meta":{"footnotes":""},"categories":[1],"tags":[],"class_list":["post-21013","post","type-post","status-publish","format-standard","has-post-thumbnail","hentry","category-noticias"],"_links":{"self":[{"href":"https:\/\/blogdorogeriogomes.com.br\/noticias\/wp-json\/wp\/v2\/posts\/21013","targetHints":{"allow":["GET"]}}],"collection":[{"href":"https:\/\/blogdorogeriogomes.com.br\/noticias\/wp-json\/wp\/v2\/posts"}],"about":[{"href":"https:\/\/blogdorogeriogomes.com.br\/noticias\/wp-json\/wp\/v2\/types\/post"}],"author":[{"embeddable":true,"href":"https:\/\/blogdorogeriogomes.com.br\/noticias\/wp-json\/wp\/v2\/users\/1"}],"replies":[{"embeddable":true,"href":"https:\/\/blogdorogeriogomes.com.br\/noticias\/wp-json\/wp\/v2\/comments?post=21013"}],"version-history":[{"count":1,"href":"https:\/\/blogdorogeriogomes.com.br\/noticias\/wp-json\/wp\/v2\/posts\/21013\/revisions"}],"predecessor-version":[{"id":21015,"href":"https:\/\/blogdorogeriogomes.com.br\/noticias\/wp-json\/wp\/v2\/posts\/21013\/revisions\/21015"}],"wp:featuredmedia":[{"embeddable":true,"href":"https:\/\/blogdorogeriogomes.com.br\/noticias\/wp-json\/wp\/v2\/media\/21014"}],"wp:attachment":[{"href":"https:\/\/blogdorogeriogomes.com.br\/noticias\/wp-json\/wp\/v2\/media?parent=21013"}],"wp:term":[{"taxonomy":"category","embeddable":true,"href":"https:\/\/blogdorogeriogomes.com.br\/noticias\/wp-json\/wp\/v2\/categories?post=21013"},{"taxonomy":"post_tag","embeddable":true,"href":"https:\/\/blogdorogeriogomes.com.br\/noticias\/wp-json\/wp\/v2\/tags?post=21013"}],"curies":[{"name":"wp","href":"https:\/\/api.w.org\/{rel}","templated":true}]}}