{"id":21016,"date":"2021-04-28T20:40:41","date_gmt":"2021-04-28T20:40:41","guid":{"rendered":"https:\/\/blogdorogeriogomes.com.br\/?p=21016"},"modified":"2021-04-29T17:33:48","modified_gmt":"2021-04-29T17:33:48","slug":"ministro-do-stf-determina-que-governo-federal-realize-censo-do-ibge-em-2021","status":"publish","type":"post","link":"https:\/\/blogdorogeriogomes.com.br\/noticias\/2021\/04\/ministro-do-stf-determina-que-governo-federal-realize-censo-do-ibge-em-2021\/","title":{"rendered":"Ministro do STF determina que Governo Federal realize Censo do IBGE em 2021"},"content":{"rendered":"\n<p>O ministro do Supremo Tribunal Federal (STF), Marco Aur\u00e9lio, determinou nesta quarta-feira, dia 28 de abril, que o Governo Federal adote as medidas necess\u00e1rias para a realiza\u00e7\u00e3o do Censo Demogr\u00e1fico de 2021. O despacho atende ao pedido feito pelo Governo do Maranh\u00e3o, diante do cancelamento da mais ampla pesquisa sobre a popula\u00e7\u00e3o brasileira anunciado pela Secretaria da Fazenda na semana passada.<\/p>\n\n\n\n<p>Marco Aur\u00e9lio criticou com veem\u00eancia os cortes no or\u00e7amento para a realiza\u00e7\u00e3o do estudo neste ano executados pelo governo de Jair Bolsonaro. Sem.a realiza\u00e7\u00e3o do Censo, o Brasil fica sem qualquer refer\u00eancia para ado\u00e7\u00e3o de pol\u00edticas p\u00fablicas em v\u00e1rios setores.<\/p>\n\n\n\n<p>Respons\u00e1vel pelo Censo, o IBGE decidiu em abril pela suspens\u00e3o das provas do processo seletivo para os profissionais que trabalhariam na pesquisa, antes prevista para ser executada em 2020 e adiada devido \u00e0 pandemia. A decis\u00e3o ocorreu baseada na redu\u00e7\u00e3o do investimento na pesquisa de R$ 2 bilh\u00f5es para R$ 71 milh\u00f5es, aprovada pelo Congresso Nacional.<\/p>\n\n\n\n<figure class=\"wp-block-image size-large\"><img loading=\"lazy\" decoding=\"async\" width=\"259\" height=\"194\" src=\"https:\/\/blogdorogeriogomes.com.br\/wp-content\/uploads\/2021\/04\/images-72.jpeg\" alt=\"\" class=\"wp-image-21017\"\/><\/figure>\n","protected":false},"excerpt":{"rendered":"<p>O ministro do Supremo Tribunal Federal (STF), Marco Aur\u00e9lio, determinou nesta quarta-feira, dia 28 de abril, que o Governo Federal adote as medidas necess\u00e1rias para a realiza\u00e7\u00e3o do Censo Demogr\u00e1fico de 2021. O despacho atende ao pedido feito pelo Governo do Maranh\u00e3o, diante do cancelamento da mais ampla pesquisa sobre a popula\u00e7\u00e3o brasileira anunciado pela Secretaria da Fazenda na semana passada. Marco Aur\u00e9lio criticou com veem\u00eancia os cortes no or\u00e7amento para a realiza\u00e7\u00e3o do estudo neste ano executados pelo&hellip;<\/p>\n","protected":false},"author":1,"featured_media":21017,"comment_status":"open","ping_status":"open","sticky":false,"template":"","format":"standard","meta":{"footnotes":""},"categories":[1],"tags":[],"class_list":["post-21016","post","type-post","status-publish","format-standard","has-post-thumbnail","hentry","category-noticias"],"_links":{"self":[{"href":"https:\/\/blogdorogeriogomes.com.br\/noticias\/wp-json\/wp\/v2\/posts\/21016","targetHints":{"allow":["GET"]}}],"collection":[{"href":"https:\/\/blogdorogeriogomes.com.br\/noticias\/wp-json\/wp\/v2\/posts"}],"about":[{"href":"https:\/\/blogdorogeriogomes.com.br\/noticias\/wp-json\/wp\/v2\/types\/post"}],"author":[{"embeddable":true,"href":"https:\/\/blogdorogeriogomes.com.br\/noticias\/wp-json\/wp\/v2\/users\/1"}],"replies":[{"embeddable":true,"href":"https:\/\/blogdorogeriogomes.com.br\/noticias\/wp-json\/wp\/v2\/comments?post=21016"}],"version-history":[{"count":1,"href":"https:\/\/blogdorogeriogomes.com.br\/noticias\/wp-json\/wp\/v2\/posts\/21016\/revisions"}],"predecessor-version":[{"id":21018,"href":"https:\/\/blogdorogeriogomes.com.br\/noticias\/wp-json\/wp\/v2\/posts\/21016\/revisions\/21018"}],"wp:featuredmedia":[{"embeddable":true,"href":"https:\/\/blogdorogeriogomes.com.br\/noticias\/wp-json\/wp\/v2\/media\/21017"}],"wp:attachment":[{"href":"https:\/\/blogdorogeriogomes.com.br\/noticias\/wp-json\/wp\/v2\/media?parent=21016"}],"wp:term":[{"taxonomy":"category","embeddable":true,"href":"https:\/\/blogdorogeriogomes.com.br\/noticias\/wp-json\/wp\/v2\/categories?post=21016"},{"taxonomy":"post_tag","embeddable":true,"href":"https:\/\/blogdorogeriogomes.com.br\/noticias\/wp-json\/wp\/v2\/tags?post=21016"}],"curies":[{"name":"wp","href":"https:\/\/api.w.org\/{rel}","templated":true}]}}