{"id":21022,"date":"2021-04-29T10:18:10","date_gmt":"2021-04-29T10:18:10","guid":{"rendered":"https:\/\/blogdorogeriogomes.com.br\/?p=21022"},"modified":"2021-04-29T17:33:16","modified_gmt":"2021-04-29T17:33:16","slug":"ceara-recebe-mais-um-lote-de-vacinas-da-coronavac-e-astrazeneca-em-maio-fortaleza-tambem-vai-ser-contemplada-com-doses-da-pfizer","status":"publish","type":"post","link":"https:\/\/blogdorogeriogomes.com.br\/noticias\/2021\/04\/ceara-recebe-mais-um-lote-de-vacinas-da-coronavac-e-astrazeneca-em-maio-fortaleza-tambem-vai-ser-contemplada-com-doses-da-pfizer\/","title":{"rendered":"Cear\u00e1 recebe mais um lote de vacinas da CoronaVac e AstraZeneca. Em maio, Fortaleza tamb\u00e9m vai ser contemplada com doses da Pfizer"},"content":{"rendered":"\n<p>Com o estoque de vacinas j\u00e1 em baixa, o Cear\u00e1 recebe nesta quinta-feira, dia 29 de abril, mais um lote de vacinas CoronaVac e AstraZeneca. S\u00e3o 188.250 doses da vacina AstraZeneca\/Oxford e 3.800 da CoronaVac, do Instituto Butantan, totalizando 192.050 doses de vacinas contra a Covid-19.<\/p>\n\n\n\n<p>Outra boa not\u00edcia \u00e9 que o governador do Cear\u00e1, Camilo Santana, confirmou tamb\u00e9m que o primeiro lote de vacinas da Pfizer chega ao Estado no in\u00edcio de maio.&nbsp;Ser\u00e3o duas remessas de 8.775 doses, totalizando 17.550. Este lote deve ficar armazenado em Fortaleza, devido as condi\u00e7\u00f5es de refrigera\u00e7\u00e3o exigidas para o tipo de imunizante.<\/p>\n\n\n\n<p>Em maio, a Secretaria de Sa\u00fade j\u00e1 planeja dar in\u00edcio \u00e0 vacina\u00e7\u00e3o da terceira fase dos grupos priorit\u00e1rios, que inclui pessoas com doen\u00e7as cr\u00f4nicas graves.<\/p>\n\n\n\n<figure class=\"wp-block-image size-large\"><img loading=\"lazy\" decoding=\"async\" width=\"678\" height=\"452\" src=\"https:\/\/blogdorogeriogomes.com.br\/wp-content\/uploads\/2021\/04\/images-74.jpeg\" alt=\"\" class=\"wp-image-21023\" srcset=\"https:\/\/blogdorogeriogomes.com.br\/noticias\/wp-content\/uploads\/2021\/04\/images-74.jpeg 678w, https:\/\/blogdorogeriogomes.com.br\/noticias\/wp-content\/uploads\/2021\/04\/images-74-300x200.jpeg 300w\" sizes=\"auto, (max-width: 678px) 100vw, 678px\" \/><\/figure>\n","protected":false},"excerpt":{"rendered":"<p>Com o estoque de vacinas j\u00e1 em baixa, o Cear\u00e1 recebe nesta quinta-feira, dia 29 de abril, mais um lote de vacinas CoronaVac e AstraZeneca. S\u00e3o 188.250 doses da vacina AstraZeneca\/Oxford e 3.800 da CoronaVac, do Instituto Butantan, totalizando 192.050 doses de vacinas contra a Covid-19. Outra boa not\u00edcia \u00e9 que o governador do Cear\u00e1, Camilo Santana, confirmou tamb\u00e9m que o primeiro lote de vacinas da Pfizer chega ao Estado no in\u00edcio de maio.&nbsp;Ser\u00e3o duas remessas de 8.775 doses,&hellip;<\/p>\n","protected":false},"author":1,"featured_media":21023,"comment_status":"open","ping_status":"open","sticky":false,"template":"","format":"standard","meta":{"footnotes":""},"categories":[1],"tags":[],"class_list":["post-21022","post","type-post","status-publish","format-standard","has-post-thumbnail","hentry","category-noticias"],"_links":{"self":[{"href":"https:\/\/blogdorogeriogomes.com.br\/noticias\/wp-json\/wp\/v2\/posts\/21022","targetHints":{"allow":["GET"]}}],"collection":[{"href":"https:\/\/blogdorogeriogomes.com.br\/noticias\/wp-json\/wp\/v2\/posts"}],"about":[{"href":"https:\/\/blogdorogeriogomes.com.br\/noticias\/wp-json\/wp\/v2\/types\/post"}],"author":[{"embeddable":true,"href":"https:\/\/blogdorogeriogomes.com.br\/noticias\/wp-json\/wp\/v2\/users\/1"}],"replies":[{"embeddable":true,"href":"https:\/\/blogdorogeriogomes.com.br\/noticias\/wp-json\/wp\/v2\/comments?post=21022"}],"version-history":[{"count":2,"href":"https:\/\/blogdorogeriogomes.com.br\/noticias\/wp-json\/wp\/v2\/posts\/21022\/revisions"}],"predecessor-version":[{"id":21036,"href":"https:\/\/blogdorogeriogomes.com.br\/noticias\/wp-json\/wp\/v2\/posts\/21022\/revisions\/21036"}],"wp:featuredmedia":[{"embeddable":true,"href":"https:\/\/blogdorogeriogomes.com.br\/noticias\/wp-json\/wp\/v2\/media\/21023"}],"wp:attachment":[{"href":"https:\/\/blogdorogeriogomes.com.br\/noticias\/wp-json\/wp\/v2\/media?parent=21022"}],"wp:term":[{"taxonomy":"category","embeddable":true,"href":"https:\/\/blogdorogeriogomes.com.br\/noticias\/wp-json\/wp\/v2\/categories?post=21022"},{"taxonomy":"post_tag","embeddable":true,"href":"https:\/\/blogdorogeriogomes.com.br\/noticias\/wp-json\/wp\/v2\/tags?post=21022"}],"curies":[{"name":"wp","href":"https:\/\/api.w.org\/{rel}","templated":true}]}}