{"id":21025,"date":"2021-04-29T10:48:26","date_gmt":"2021-04-29T10:48:26","guid":{"rendered":"https:\/\/blogdorogeriogomes.com.br\/?p=21025"},"modified":"2021-04-29T17:32:59","modified_gmt":"2021-04-29T17:32:59","slug":"calendario-de-depoimentos-da-cpi-da-covid-19-comeca-com-depoimento-de-ex-ministros-da-saude","status":"publish","type":"post","link":"https:\/\/blogdorogeriogomes.com.br\/noticias\/2021\/04\/calendario-de-depoimentos-da-cpi-da-covid-19-comeca-com-depoimento-de-ex-ministros-da-saude\/","title":{"rendered":"Calend\u00e1rio de depoimentos da CPI da Covid-19 come\u00e7a com depoimento de ex-ministros da Sa\u00fade"},"content":{"rendered":"\n<p>A c\u00fapula da CPI da Covid no Senado Federal definiu o roteiro inicial de depoimentos para convocar, j\u00e1 na semana que vem, os ex-ministros da Sa\u00fade do governo do presidente Jair Bolsonaro e o atual chefe da pasta, Marcelo Queiroga.&nbsp;Nesta quinta-feira, os 11 integrantes da Comiss\u00e3o se re\u00fanem para apontar a ordem dos depoimentos, que ser\u00e3o iniciados na ter\u00e7a-feira, dia 4 de maio.<\/p>\n\n\n\n<p>A previs\u00e3o inicial \u00e9 que os&nbsp;ex-ministros Luiz Henrique Mandetta e Nelson Teich devem ser ouvidos na ter\u00e7a-feira, dia 4. Na quarta-feira, dia 5, a CPI quer chamar Eduardo Pazuello, que ficou mais tempo \u00e0 frente da pasta durante a pandemia de covid-19 e \u00e9 um dos principais alvos da investiga\u00e7\u00e3o. Na quinta-feira, dia 6, os senadores querem coletar o depoimento do atual ministro da Sa\u00fade, Marcelo Queiroga, e do presidente da Anvisa, Antonio Barra Torres.<\/p>\n\n\n\n<p>Em meio a amea\u00e7as sofridas por integrantes da CPI nas redes sociais, tr\u00eas governistas ainda recorreram ao STF para tentar tirar o senador Renan Calheiros da relatoria, o que n\u00e3o deve prosperar.<\/p>\n\n\n\n<p>O Pal\u00e1cio do Planalto tenta a todo custo protelar o in\u00edcio dos trabalhos. E uma das estrat\u00e9gias \u00e9, atrav\u00e9s de requerimentos, tentar convocar pessoas para depor fora do alvo da CPI. Documentos analisados pelo jornal O Globo, revelam que em an\u00e1lise dos requerimentos apresentados na CPI da Covid indica que os pedidos de convoca\u00e7\u00e3o de especialistas que defendem o &#8220;tratamento precoce&#8221; ou criticam o isolamento, feitos por senadores aliados ao Governo Federal, foram produzidos no Pal\u00e1cio do Planalto.<\/p>\n\n\n\n<figure class=\"wp-block-image size-large\"><img loading=\"lazy\" decoding=\"async\" width=\"678\" height=\"452\" src=\"https:\/\/blogdorogeriogomes.com.br\/wp-content\/uploads\/2021\/04\/images-75.jpeg\" alt=\"\" class=\"wp-image-21026\" srcset=\"https:\/\/blogdorogeriogomes.com.br\/noticias\/wp-content\/uploads\/2021\/04\/images-75.jpeg 678w, https:\/\/blogdorogeriogomes.com.br\/noticias\/wp-content\/uploads\/2021\/04\/images-75-300x200.jpeg 300w\" sizes=\"auto, (max-width: 678px) 100vw, 678px\" \/><\/figure>\n","protected":false},"excerpt":{"rendered":"<p>A c\u00fapula da CPI da Covid no Senado Federal definiu o roteiro inicial de depoimentos para convocar, j\u00e1 na semana que vem, os ex-ministros da Sa\u00fade do governo do presidente Jair Bolsonaro e o atual chefe da pasta, Marcelo Queiroga.&nbsp;Nesta quinta-feira, os 11 integrantes da Comiss\u00e3o se re\u00fanem para apontar a ordem dos depoimentos, que ser\u00e3o iniciados na ter\u00e7a-feira, dia 4 de maio. A previs\u00e3o inicial \u00e9 que os&nbsp;ex-ministros Luiz Henrique Mandetta e Nelson Teich devem ser ouvidos na&hellip;<\/p>\n","protected":false},"author":1,"featured_media":21026,"comment_status":"open","ping_status":"open","sticky":false,"template":"","format":"standard","meta":{"footnotes":""},"categories":[1],"tags":[],"class_list":["post-21025","post","type-post","status-publish","format-standard","has-post-thumbnail","hentry","category-noticias"],"_links":{"self":[{"href":"https:\/\/blogdorogeriogomes.com.br\/noticias\/wp-json\/wp\/v2\/posts\/21025","targetHints":{"allow":["GET"]}}],"collection":[{"href":"https:\/\/blogdorogeriogomes.com.br\/noticias\/wp-json\/wp\/v2\/posts"}],"about":[{"href":"https:\/\/blogdorogeriogomes.com.br\/noticias\/wp-json\/wp\/v2\/types\/post"}],"author":[{"embeddable":true,"href":"https:\/\/blogdorogeriogomes.com.br\/noticias\/wp-json\/wp\/v2\/users\/1"}],"replies":[{"embeddable":true,"href":"https:\/\/blogdorogeriogomes.com.br\/noticias\/wp-json\/wp\/v2\/comments?post=21025"}],"version-history":[{"count":2,"href":"https:\/\/blogdorogeriogomes.com.br\/noticias\/wp-json\/wp\/v2\/posts\/21025\/revisions"}],"predecessor-version":[{"id":21035,"href":"https:\/\/blogdorogeriogomes.com.br\/noticias\/wp-json\/wp\/v2\/posts\/21025\/revisions\/21035"}],"wp:featuredmedia":[{"embeddable":true,"href":"https:\/\/blogdorogeriogomes.com.br\/noticias\/wp-json\/wp\/v2\/media\/21026"}],"wp:attachment":[{"href":"https:\/\/blogdorogeriogomes.com.br\/noticias\/wp-json\/wp\/v2\/media?parent=21025"}],"wp:term":[{"taxonomy":"category","embeddable":true,"href":"https:\/\/blogdorogeriogomes.com.br\/noticias\/wp-json\/wp\/v2\/categories?post=21025"},{"taxonomy":"post_tag","embeddable":true,"href":"https:\/\/blogdorogeriogomes.com.br\/noticias\/wp-json\/wp\/v2\/tags?post=21025"}],"curies":[{"name":"wp","href":"https:\/\/api.w.org\/{rel}","templated":true}]}}