{"id":21028,"date":"2021-04-30T13:09:16","date_gmt":"2021-04-30T13:09:16","guid":{"rendered":"https:\/\/blogdorogeriogomes.com.br\/?p=21028"},"modified":"2021-04-30T13:09:18","modified_gmt":"2021-04-30T13:09:18","slug":"cariri-e-centro-sul-do-ceara-tem-fortes-chuvas-nas-ultimas-24-horas-2","status":"publish","type":"post","link":"https:\/\/blogdorogeriogomes.com.br\/noticias\/2021\/04\/cariri-e-centro-sul-do-ceara-tem-fortes-chuvas-nas-ultimas-24-horas-2\/","title":{"rendered":"Cariri e Centro-Sul do Cear\u00e1 t\u00eam fortes chuvas nas \u00faltimas 24 horas"},"content":{"rendered":"\n<p>Fortes chuvas voltaram a banhar o Cear\u00e1 nas \u00faltimas 24 horas. As regi\u00f5es do Cariri e Centro-Sul do Estado registraram as maiores precipita\u00e7\u00f5es. O munic\u00edpio de Barro, no Cariri, teve 138 mil\u00edmetros. J\u00e1 Iguatu, no Centro-Sul, apontou 93 mil\u00edmetros. Acopiara na mesma regi\u00e3o, registrou 87 mil\u00edmetros.<\/p>\n\n\n\n<p>De acordo com a Funceme, <\/p>\n\n\n\n<p><a href=\"https:\/\/assine.opovo.com.br\/?utm_source=home&amp;utm_medium=orange&amp;utm_campaign=colors_test\" target=\"_blank\" rel=\"noreferrer noopener\">ASSINE<\/a><a href=\"https:\/\/www.opovo.com.br\/noticias\/ceara\">Cear\u00e1<\/a>NOT\u00cdCIA<\/p>\n\n\n\n<h1 class=\"wp-block-heading\">Centro-sul e noroeste do Cear\u00e1 est\u00e3o mais favor\u00e1veis a chuva at\u00e9 esta sexta-feira, 30<\/h1>\n\n\n\n<h2 class=\"wp-block-heading\">Ainda nesta quarta-feira, 28, o per\u00edodo da noite no centro-sul poder\u00e1 ser marcado pelos registros mais intensos do Estado, enquanto se espera chuva isolada variando entre fraca e moderada nas outras regi\u00f5es<\/h2>\n\n\n\n<p>Por MATEUS BRISA23:55 | 28\/04\/2021<a href=\"http:\/\/facebook.com\/sharer.php?u=https:\/\/www.opovo.com.br\/noticias\/ceara\/2021\/04\/28\/centro-sul-e-noroeste-do-ceara-estao-mais-favoraveis-a-chuva-ate-esta-sexta-feira--30.html\">Facebook<\/a><a href=\"https:\/\/twitter.com\/intent\/tweet?text=Centro-sul%20e%20noroeste%20do%20Cear%C3%A1%20est%C3%A3o%20mais%20favor%C3%A1veis%20a%20chuva%20at%C3%A9%20esta%20sexta-feira,%2030%20%7C%20Cear%C3%A1%20-%20%C3%9Altimas%20Not%C3%ADcias%20do%20Cear%C3%A1%20%7C%20O%20POVO%20Online&amp;url=https:\/\/www.opovo.com.br\/noticias\/ceara\/2021\/04\/28\/centro-sul-e-noroeste-do-ceara-estao-mais-favoraveis-a-chuva-ate-esta-sexta-feira--30.html\">Twitter<\/a><a href=\"whatsapp:\/\/send?text=Centro-sul%20e%20noroeste%20do%20Cear%C3%A1%20est%C3%A3o%20mais%20favor%C3%A1veis%20a%20chuva%20at%C3%A9%20esta%20sexta-feira%2C%2030%20%7C%20Cear%C3%A1%20-%20%C3%9Altimas%20Not%C3%ADcias%20do%20Cear%C3%A1%20%7C%20O%20POVO%20Online%20https%3A%2F%2Fwww.opovo.com.br%2Fnoticias%2Fceara%2F2021%2F04%2F28%2Fcentro-sul-e-noroeste-do-ceara-estao-mais-favoraveis-a-chuva-ate-esta-sexta-feira--30.html\">WhatsApp<\/a><\/p>\n\n\n\n<figure class=\"wp-block-image\"><a href=\"https:\/\/www.opovo.com.br\/_midias\/jpg\/2021\/01\/30\/750x500\/1__mg_9563-14764316.jpg\"><img decoding=\"async\" src=\"https:\/\/www.opovo.com.br\/_midias\/jpg\/2021\/01\/30\/750x500\/1__mg_9563-14764316.jpg\" alt=\"As tend\u00eancias s\u00e3o calculadas a partir da forma\u00e7\u00e3o de \u00e1reas de instabilidades, da disponibilidade de calor e umidade na atmosfera e de efeitos locais (Foto: Aurelio Alves)\" title=\"As tend\u00eancias s\u00e3o calculadas a partir da forma\u00e7\u00e3o de \u00e1reas de instabilidades, da disponibilidade de calor e umidade na atmosfera e de efeitos locais (Foto: Aurelio Alves)\"\/><\/a><figcaption>As tend\u00eancias s\u00e3o calculadas a partir da forma\u00e7\u00e3o de \u00e1reas de instabilidades, da disponibilidade de calor e umidade na atmosfera e de efeitos locais (Foto: Aurelio Alves)<\/figcaption><\/figure>\n\n\n\n<p>O Cear\u00e1 ter\u00e1 condi\u00e7\u00f5es favor\u00e1veis a chuva at\u00e9 sexta-feira, 30, principalmente nas regi\u00f5es centro-sul (Cariri e sul das regi\u00f5es Jaguaribana e do Sert\u00e3o Central e Inhamuns) e noroeste (Ibiapaba e litoral Norte). Ainda nesta quarta-feira, 28, o per\u00edodo da noite no centro-sul poder\u00e1 ser marcado pelos registros mais intensos do Estado, enquanto se espera chuva isolada variando entre fraca e moderada nas outras regi\u00f5es.<\/p>\n\n\n\n<p>J\u00e1 amanh\u00e3, quinta-feira, 29, todas regi\u00f5es do Cear\u00e1 est\u00e3o em cen\u00e1rio de instabilidade, favor\u00e1veis \u00e0 ocorr\u00eancia de chuva. Novamente, o foco poder\u00e1 estar na regi\u00e3o Centro-Sul, com precipita\u00e7\u00f5es mais intensas entre madrugada e manh\u00e3. \u00c0 tarde, s\u00e3o esperadas chuvas de intensidade fraca a forte no noroeste e fraca a moderada no norte, incluindo os litorais de Fortaleza e do Pec\u00e9m e o Maci\u00e7o de Baturit\u00e9.<\/p>\n\n\n\n<p>A nebulosidade vari\u00e1vel segue nesta sexta-feira, dia 30, que poder\u00e1 ser marcada por chuva na faixa litor\u00e2nea do Estado, no Cariri, na regi\u00e3o Jaguaribana e na Ibiapaba.&nbsp;<\/p>\n\n\n\n<figure class=\"wp-block-image size-large\"><img loading=\"lazy\" decoding=\"async\" width=\"600\" height=\"338\" src=\"https:\/\/blogdorogeriogomes.com.br\/wp-content\/uploads\/2021\/04\/images-76.jpeg\" alt=\"\" class=\"wp-image-21029\" srcset=\"https:\/\/blogdorogeriogomes.com.br\/noticias\/wp-content\/uploads\/2021\/04\/images-76.jpeg 600w, https:\/\/blogdorogeriogomes.com.br\/noticias\/wp-content\/uploads\/2021\/04\/images-76-300x169.jpeg 300w\" sizes=\"auto, (max-width: 600px) 100vw, 600px\" \/><\/figure>\n","protected":false},"excerpt":{"rendered":"<p>Fortes chuvas voltaram a banhar o Cear\u00e1 nas \u00faltimas 24 horas. As regi\u00f5es do Cariri e Centro-Sul do Estado registraram as maiores precipita\u00e7\u00f5es. O munic\u00edpio de Barro, no Cariri, teve 138 mil\u00edmetros. J\u00e1 Iguatu, no Centro-Sul, apontou 93 mil\u00edmetros. Acopiara na mesma regi\u00e3o, registrou 87 mil\u00edmetros. De acordo com a Funceme, ASSINECear\u00e1NOT\u00cdCIA Centro-sul e noroeste do Cear\u00e1 est\u00e3o mais favor\u00e1veis a chuva at\u00e9 esta sexta-feira, 30 Ainda nesta quarta-feira, 28, o per\u00edodo da noite no centro-sul poder\u00e1 ser marcado&hellip;<\/p>\n","protected":false},"author":1,"featured_media":21029,"comment_status":"open","ping_status":"open","sticky":false,"template":"","format":"standard","meta":{"footnotes":""},"categories":[1],"tags":[],"class_list":["post-21028","post","type-post","status-publish","format-standard","has-post-thumbnail","hentry","category-noticias"],"_links":{"self":[{"href":"https:\/\/blogdorogeriogomes.com.br\/noticias\/wp-json\/wp\/v2\/posts\/21028","targetHints":{"allow":["GET"]}}],"collection":[{"href":"https:\/\/blogdorogeriogomes.com.br\/noticias\/wp-json\/wp\/v2\/posts"}],"about":[{"href":"https:\/\/blogdorogeriogomes.com.br\/noticias\/wp-json\/wp\/v2\/types\/post"}],"author":[{"embeddable":true,"href":"https:\/\/blogdorogeriogomes.com.br\/noticias\/wp-json\/wp\/v2\/users\/1"}],"replies":[{"embeddable":true,"href":"https:\/\/blogdorogeriogomes.com.br\/noticias\/wp-json\/wp\/v2\/comments?post=21028"}],"version-history":[{"count":1,"href":"https:\/\/blogdorogeriogomes.com.br\/noticias\/wp-json\/wp\/v2\/posts\/21028\/revisions"}],"predecessor-version":[{"id":21052,"href":"https:\/\/blogdorogeriogomes.com.br\/noticias\/wp-json\/wp\/v2\/posts\/21028\/revisions\/21052"}],"wp:featuredmedia":[{"embeddable":true,"href":"https:\/\/blogdorogeriogomes.com.br\/noticias\/wp-json\/wp\/v2\/media\/21029"}],"wp:attachment":[{"href":"https:\/\/blogdorogeriogomes.com.br\/noticias\/wp-json\/wp\/v2\/media?parent=21028"}],"wp:term":[{"taxonomy":"category","embeddable":true,"href":"https:\/\/blogdorogeriogomes.com.br\/noticias\/wp-json\/wp\/v2\/categories?post=21028"},{"taxonomy":"post_tag","embeddable":true,"href":"https:\/\/blogdorogeriogomes.com.br\/noticias\/wp-json\/wp\/v2\/tags?post=21028"}],"curies":[{"name":"wp","href":"https:\/\/api.w.org\/{rel}","templated":true}]}}