{"id":21030,"date":"2021-04-29T13:06:12","date_gmt":"2021-04-29T13:06:12","guid":{"rendered":"https:\/\/blogdorogeriogomes.com.br\/?p=21030"},"modified":"2021-04-29T17:31:21","modified_gmt":"2021-04-29T17:31:21","slug":"cariri-e-centro-sul-do-ceara-tem-fortes-chuvas-nas-ultimas-24-horas","status":"publish","type":"post","link":"https:\/\/blogdorogeriogomes.com.br\/noticias\/2021\/04\/cariri-e-centro-sul-do-ceara-tem-fortes-chuvas-nas-ultimas-24-horas\/","title":{"rendered":"Cariri e Centro-Sul do Cear\u00e1 t\u00eam fortes chuvas nas \u00faltimas 24 horas"},"content":{"rendered":"\n<p>Fortes chuvas voltaram a banhar o Cear\u00e1 nas \u00faltimas 24 horas. As regi\u00f5es do Cariri e Centro-Sul do Estado registraram as maiores precipita\u00e7\u00f5es. O munic\u00edpio de Barro, no Cariri, teve 138 mil\u00edmetros. J\u00e1 Iguatu, no Centro-Sul, apontou 93 mil\u00edmetros. Acopiara na mesma regi\u00e3o, registrou 87 mil\u00edmetros.<\/p>\n\n\n\n<p>De acordo com a Funceme, todas regi\u00f5es do Cear\u00e1 est\u00e3o em cen\u00e1rio de instabilidade, favor\u00e1veis \u00e0 ocorr\u00eancia de chuva. Novamente, o foco poder\u00e1 estar na regi\u00e3o Centro-Sul, com precipita\u00e7\u00f5es mais intensas entre madrugada e manh\u00e3. \u00c0 tarde, s\u00e3o esperadas chuvas de intensidade fraca a forte no noroeste e fraca a moderada no norte, incluindo os litorais de Fortaleza e do Pec\u00e9m e o Maci\u00e7o de Baturit\u00e9.<\/p>\n\n\n\n<p>A nebulosidade vari\u00e1vel segue nesta sexta-feira, dia 30, que poder\u00e1 ser marcada por chuva na faixa litor\u00e2nea do Estado, no Cariri, na regi\u00e3o Jaguaribana e na Ibiapaba.&nbsp;<\/p>\n\n\n\n<figure class=\"wp-block-image size-large\"><img loading=\"lazy\" decoding=\"async\" width=\"600\" height=\"338\" src=\"https:\/\/blogdorogeriogomes.com.br\/wp-content\/uploads\/2021\/04\/images-76.jpeg\" alt=\"\" class=\"wp-image-21029\" srcset=\"https:\/\/blogdorogeriogomes.com.br\/noticias\/wp-content\/uploads\/2021\/04\/images-76.jpeg 600w, https:\/\/blogdorogeriogomes.com.br\/noticias\/wp-content\/uploads\/2021\/04\/images-76-300x169.jpeg 300w\" sizes=\"auto, (max-width: 600px) 100vw, 600px\" \/><\/figure>\n","protected":false},"excerpt":{"rendered":"<p>Fortes chuvas voltaram a banhar o Cear\u00e1 nas \u00faltimas 24 horas. As regi\u00f5es do Cariri e Centro-Sul do Estado registraram as maiores precipita\u00e7\u00f5es. O munic\u00edpio de Barro, no Cariri, teve 138 mil\u00edmetros. J\u00e1 Iguatu, no Centro-Sul, apontou 93 mil\u00edmetros. Acopiara na mesma regi\u00e3o, registrou 87 mil\u00edmetros. De acordo com a Funceme, todas regi\u00f5es do Cear\u00e1 est\u00e3o em cen\u00e1rio de instabilidade, favor\u00e1veis \u00e0 ocorr\u00eancia de chuva. Novamente, o foco poder\u00e1 estar na regi\u00e3o Centro-Sul, com precipita\u00e7\u00f5es mais intensas entre madrugada&hellip;<\/p>\n","protected":false},"author":1,"featured_media":21029,"comment_status":"open","ping_status":"open","sticky":false,"template":"","format":"standard","meta":{"footnotes":""},"categories":[1],"tags":[],"class_list":["post-21030","post","type-post","status-publish","format-standard","has-post-thumbnail","hentry","category-noticias"],"_links":{"self":[{"href":"https:\/\/blogdorogeriogomes.com.br\/noticias\/wp-json\/wp\/v2\/posts\/21030","targetHints":{"allow":["GET"]}}],"collection":[{"href":"https:\/\/blogdorogeriogomes.com.br\/noticias\/wp-json\/wp\/v2\/posts"}],"about":[{"href":"https:\/\/blogdorogeriogomes.com.br\/noticias\/wp-json\/wp\/v2\/types\/post"}],"author":[{"embeddable":true,"href":"https:\/\/blogdorogeriogomes.com.br\/noticias\/wp-json\/wp\/v2\/users\/1"}],"replies":[{"embeddable":true,"href":"https:\/\/blogdorogeriogomes.com.br\/noticias\/wp-json\/wp\/v2\/comments?post=21030"}],"version-history":[{"count":1,"href":"https:\/\/blogdorogeriogomes.com.br\/noticias\/wp-json\/wp\/v2\/posts\/21030\/revisions"}],"predecessor-version":[{"id":21031,"href":"https:\/\/blogdorogeriogomes.com.br\/noticias\/wp-json\/wp\/v2\/posts\/21030\/revisions\/21031"}],"wp:featuredmedia":[{"embeddable":true,"href":"https:\/\/blogdorogeriogomes.com.br\/noticias\/wp-json\/wp\/v2\/media\/21029"}],"wp:attachment":[{"href":"https:\/\/blogdorogeriogomes.com.br\/noticias\/wp-json\/wp\/v2\/media?parent=21030"}],"wp:term":[{"taxonomy":"category","embeddable":true,"href":"https:\/\/blogdorogeriogomes.com.br\/noticias\/wp-json\/wp\/v2\/categories?post=21030"},{"taxonomy":"post_tag","embeddable":true,"href":"https:\/\/blogdorogeriogomes.com.br\/noticias\/wp-json\/wp\/v2\/tags?post=21030"}],"curies":[{"name":"wp","href":"https:\/\/api.w.org\/{rel}","templated":true}]}}