{"id":21032,"date":"2021-04-29T17:29:23","date_gmt":"2021-04-29T17:29:23","guid":{"rendered":"https:\/\/blogdorogeriogomes.com.br\/?p=21032"},"modified":"2021-04-29T17:31:03","modified_gmt":"2021-04-29T17:31:03","slug":"professores-da-rede-publica-em-fortaleza-decidem-nao-voltar-ao-ensino-presencial-ate-serem-vacinados","status":"publish","type":"post","link":"https:\/\/blogdorogeriogomes.com.br\/noticias\/2021\/04\/professores-da-rede-publica-em-fortaleza-decidem-nao-voltar-ao-ensino-presencial-ate-serem-vacinados\/","title":{"rendered":"Professores da rede p\u00fablica em Fortaleza decidem n\u00e3o voltar ao ensino presencial at\u00e9 serem vacinados"},"content":{"rendered":"\n<p>Os professores e profissionais da rede municipal de ensino de Fortaleza decidiram nesta quinta-feira, dia 29 de abril, ap\u00f3s reuni\u00f5es organizadas pelo Sindicato \u00danico dos Trabalhadores em Educa\u00e7\u00e3o do Cear\u00e1 (Sindiute), continuar o trabalho remoto, mesmo diante da publica\u00e7\u00e3o do decreto estadual que autoriza as aulas presenciais at\u00e9 o 9\u00ba ano do Ensino Fundamental.<\/p>\n\n\n\n<p>O sindicato justifica que a categoria n\u00e3o pode voltar \u00e0s atividades nas escolas por conta da falta de infraestrutura adequada \u00e0 realidade imposta pela pandemia de Covid-19 e, principalmente, a falta de vacina\u00e7\u00e3o para todos que comp\u00f5em a comunidade escolar. Caso a Prefeitura de Fortaleza sinalize pelo retorno obrigat\u00f3rio, a presidente do Sindiute, Ana Cristina Guilherme, afirma que a alternativa ser\u00e1 uma \u201cgreve pela vida\u201d, previamente autorizada pelo encontro dos trabalhadores.<\/p>\n\n\n\n<p>O governador Camilo Santana (PT) refor\u00e7ou, na \u00faltima quarta-feira, dia 28, que o Governo do Cear\u00e1 segue no apelo ao Minist\u00e9rio da Sa\u00fade para que inclua os educadores no grupo priorit\u00e1rio da vacina\u00e7\u00e3o contra a Covid-19. J\u00e1 foram enviados dois of\u00edcios ao Governo Federal com a solicita\u00e7\u00e3o. &#8220;J\u00e1 havia enviado of\u00edcio em 30 de dezembro do ano passado com o mesmo pleito. Continuarei nessa luta para que nossos profissionais da educa\u00e7\u00e3o sejam imunizados o mais r\u00e1pido poss\u00edvel&#8221;, disse Camilo.<\/p>\n\n\n\n<figure class=\"wp-block-image size-large\"><img loading=\"lazy\" decoding=\"async\" width=\"678\" height=\"452\" src=\"https:\/\/blogdorogeriogomes.com.br\/wp-content\/uploads\/2021\/04\/images-77.jpeg\" alt=\"\" class=\"wp-image-21033\" srcset=\"https:\/\/blogdorogeriogomes.com.br\/noticias\/wp-content\/uploads\/2021\/04\/images-77.jpeg 678w, https:\/\/blogdorogeriogomes.com.br\/noticias\/wp-content\/uploads\/2021\/04\/images-77-300x200.jpeg 300w\" sizes=\"auto, (max-width: 678px) 100vw, 678px\" \/><\/figure>\n","protected":false},"excerpt":{"rendered":"<p>Os professores e profissionais da rede municipal de ensino de Fortaleza decidiram nesta quinta-feira, dia 29 de abril, ap\u00f3s reuni\u00f5es organizadas pelo Sindicato \u00danico dos Trabalhadores em Educa\u00e7\u00e3o do Cear\u00e1 (Sindiute), continuar o trabalho remoto, mesmo diante da publica\u00e7\u00e3o do decreto estadual que autoriza as aulas presenciais at\u00e9 o 9\u00ba ano do Ensino Fundamental. O sindicato justifica que a categoria n\u00e3o pode voltar \u00e0s atividades nas escolas por conta da falta de infraestrutura adequada \u00e0 realidade imposta pela pandemia&hellip;<\/p>\n","protected":false},"author":1,"featured_media":21033,"comment_status":"open","ping_status":"open","sticky":false,"template":"","format":"standard","meta":{"footnotes":""},"categories":[1],"tags":[],"class_list":["post-21032","post","type-post","status-publish","format-standard","has-post-thumbnail","hentry","category-noticias"],"_links":{"self":[{"href":"https:\/\/blogdorogeriogomes.com.br\/noticias\/wp-json\/wp\/v2\/posts\/21032","targetHints":{"allow":["GET"]}}],"collection":[{"href":"https:\/\/blogdorogeriogomes.com.br\/noticias\/wp-json\/wp\/v2\/posts"}],"about":[{"href":"https:\/\/blogdorogeriogomes.com.br\/noticias\/wp-json\/wp\/v2\/types\/post"}],"author":[{"embeddable":true,"href":"https:\/\/blogdorogeriogomes.com.br\/noticias\/wp-json\/wp\/v2\/users\/1"}],"replies":[{"embeddable":true,"href":"https:\/\/blogdorogeriogomes.com.br\/noticias\/wp-json\/wp\/v2\/comments?post=21032"}],"version-history":[{"count":1,"href":"https:\/\/blogdorogeriogomes.com.br\/noticias\/wp-json\/wp\/v2\/posts\/21032\/revisions"}],"predecessor-version":[{"id":21034,"href":"https:\/\/blogdorogeriogomes.com.br\/noticias\/wp-json\/wp\/v2\/posts\/21032\/revisions\/21034"}],"wp:featuredmedia":[{"embeddable":true,"href":"https:\/\/blogdorogeriogomes.com.br\/noticias\/wp-json\/wp\/v2\/media\/21033"}],"wp:attachment":[{"href":"https:\/\/blogdorogeriogomes.com.br\/noticias\/wp-json\/wp\/v2\/media?parent=21032"}],"wp:term":[{"taxonomy":"category","embeddable":true,"href":"https:\/\/blogdorogeriogomes.com.br\/noticias\/wp-json\/wp\/v2\/categories?post=21032"},{"taxonomy":"post_tag","embeddable":true,"href":"https:\/\/blogdorogeriogomes.com.br\/noticias\/wp-json\/wp\/v2\/tags?post=21032"}],"curies":[{"name":"wp","href":"https:\/\/api.w.org\/{rel}","templated":true}]}}