{"id":21040,"date":"2021-04-29T17:42:15","date_gmt":"2021-04-29T17:42:15","guid":{"rendered":"https:\/\/blogdorogeriogomes.com.br\/?p=21040"},"modified":"2021-04-30T13:08:07","modified_gmt":"2021-04-30T13:08:07","slug":"em-campanha-nas-redes-sociais-ciro-gomes-confirma-isolamento-e-descarta-uniao-com-centro-pela-presidencia","status":"publish","type":"post","link":"https:\/\/blogdorogeriogomes.com.br\/noticias\/2021\/04\/em-campanha-nas-redes-sociais-ciro-gomes-confirma-isolamento-e-descarta-uniao-com-centro-pela-presidencia\/","title":{"rendered":"Em campanha nas redes sociais, Ciro Gomes confirma isolamento e descarta uni\u00e3o com centro pela presid\u00eancia"},"content":{"rendered":"\n<p>Ciro Gomes (PDT) tem intensificado a sua comunica\u00e7\u00e3o focada na disputa presidencial de 2022. Com a contrata\u00e7\u00e3o do marqueteiro Jo\u00e3o Santana (na foto com Ciro), respons\u00e1vel por campanhas vitoriosas de Lula e Dilma, o pedetista divulgou v\u00eddeos promocionais seus, nos \u00faltimos dias, com propostas para o Brasil. Esta decis\u00e3o estrat\u00e9gica desagradou o grupo de presidenci\u00e1veis que h\u00e1 pouco tempo se reunia com Ciro para definir acordo por uma frente ampla embasada por partidos de centro.<\/p>\n\n\n\n<p>As reuni\u00f5es contavam com a participa\u00e7\u00e3o do ex-ministro da Sa\u00fade, Luiz Henrique Mandetta (DEM), o governador de S\u00e3o Paulo, Jo\u00e3o Doria (PSDB), o governador do Rio Grande do Sul, Eduardo Leite (PSDB), o empres\u00e1rio Jo\u00e3o Amoedo (Novo) e Luciano Huck. A ideia inicial era que nenhum atuasse como candidato at\u00e9 que se evolu\u00edsse o di\u00e1logo em torno de uma candidatura \u00fanica nas pr\u00f3ximas elei\u00e7\u00f5es.<\/p>\n\n\n\n<p>No entanto, Ciro n\u00e3o aguardou o papo evoluir. J\u00e1 trabalha para articular apoios e viabilizar a pr\u00e9-candidatura pelo PDT, se isolando tanto da uni\u00e3o com partidos de esquerda quanto, agora, tamb\u00e9m de lideran\u00e7as centristas do Pa\u00eds. O ex-governador do Cear\u00e1 e ex-ministro do governo Lula segue dedicado na sua miss\u00e3o de se afirmar a \u00fanica alternativa poss\u00edvel para o Planalto.<\/p>\n\n\n\n<figure class=\"wp-block-image size-large\"><img loading=\"lazy\" decoding=\"async\" width=\"665\" height=\"645\" src=\"https:\/\/blogdorogeriogomes.com.br\/wp-content\/uploads\/2021\/04\/ciro-santana2.jpg\" alt=\"\" class=\"wp-image-21041\" srcset=\"https:\/\/blogdorogeriogomes.com.br\/noticias\/wp-content\/uploads\/2021\/04\/ciro-santana2.jpg 665w, https:\/\/blogdorogeriogomes.com.br\/noticias\/wp-content\/uploads\/2021\/04\/ciro-santana2-300x291.jpg 300w\" sizes=\"auto, (max-width: 665px) 100vw, 665px\" \/><\/figure>\n","protected":false},"excerpt":{"rendered":"<p>Ciro Gomes (PDT) tem intensificado a sua comunica\u00e7\u00e3o focada na disputa presidencial de 2022. Com a contrata\u00e7\u00e3o do marqueteiro Jo\u00e3o Santana (na foto com Ciro), respons\u00e1vel por campanhas vitoriosas de Lula e Dilma, o pedetista divulgou v\u00eddeos promocionais seus, nos \u00faltimos dias, com propostas para o Brasil. Esta decis\u00e3o estrat\u00e9gica desagradou o grupo de presidenci\u00e1veis que h\u00e1 pouco tempo se reunia com Ciro para definir acordo por uma frente ampla embasada por partidos de centro. As reuni\u00f5es contavam com&hellip;<\/p>\n","protected":false},"author":1,"featured_media":21041,"comment_status":"open","ping_status":"open","sticky":false,"template":"","format":"standard","meta":{"footnotes":""},"categories":[1],"tags":[],"class_list":["post-21040","post","type-post","status-publish","format-standard","has-post-thumbnail","hentry","category-noticias"],"_links":{"self":[{"href":"https:\/\/blogdorogeriogomes.com.br\/noticias\/wp-json\/wp\/v2\/posts\/21040","targetHints":{"allow":["GET"]}}],"collection":[{"href":"https:\/\/blogdorogeriogomes.com.br\/noticias\/wp-json\/wp\/v2\/posts"}],"about":[{"href":"https:\/\/blogdorogeriogomes.com.br\/noticias\/wp-json\/wp\/v2\/types\/post"}],"author":[{"embeddable":true,"href":"https:\/\/blogdorogeriogomes.com.br\/noticias\/wp-json\/wp\/v2\/users\/1"}],"replies":[{"embeddable":true,"href":"https:\/\/blogdorogeriogomes.com.br\/noticias\/wp-json\/wp\/v2\/comments?post=21040"}],"version-history":[{"count":1,"href":"https:\/\/blogdorogeriogomes.com.br\/noticias\/wp-json\/wp\/v2\/posts\/21040\/revisions"}],"predecessor-version":[{"id":21042,"href":"https:\/\/blogdorogeriogomes.com.br\/noticias\/wp-json\/wp\/v2\/posts\/21040\/revisions\/21042"}],"wp:featuredmedia":[{"embeddable":true,"href":"https:\/\/blogdorogeriogomes.com.br\/noticias\/wp-json\/wp\/v2\/media\/21041"}],"wp:attachment":[{"href":"https:\/\/blogdorogeriogomes.com.br\/noticias\/wp-json\/wp\/v2\/media?parent=21040"}],"wp:term":[{"taxonomy":"category","embeddable":true,"href":"https:\/\/blogdorogeriogomes.com.br\/noticias\/wp-json\/wp\/v2\/categories?post=21040"},{"taxonomy":"post_tag","embeddable":true,"href":"https:\/\/blogdorogeriogomes.com.br\/noticias\/wp-json\/wp\/v2\/tags?post=21040"}],"curies":[{"name":"wp","href":"https:\/\/api.w.org\/{rel}","templated":true}]}}