{"id":21046,"date":"2021-04-30T10:33:40","date_gmt":"2021-04-30T10:33:40","guid":{"rendered":"https:\/\/blogdorogeriogomes.com.br\/?p=21046"},"modified":"2021-04-30T13:07:38","modified_gmt":"2021-04-30T13:07:38","slug":"pacto-contra-a-fome-projeto-que-permite-compra-de-alimentos-pela-assembleia-legislativa-inicia-tramitacao","status":"publish","type":"post","link":"https:\/\/blogdorogeriogomes.com.br\/noticias\/2021\/04\/pacto-contra-a-fome-projeto-que-permite-compra-de-alimentos-pela-assembleia-legislativa-inicia-tramitacao\/","title":{"rendered":"Pacto Contra a Fome: projeto que permite compra de alimentos pela Assembleia Legislativa inicia tramita\u00e7\u00e3o"},"content":{"rendered":"\n<p>O presidente da Assembleia Legislativa do Estado do Cear\u00e1, Evandro Leit\u00e3o, lan\u00e7ou nesta quinta-feira, dia 29 de abril, na sess\u00e3o plen\u00e1ria realizada pelo Sistema de Delibera\u00e7\u00e3o Remota (SDR), o Pacto Cear\u00e1 contra a Fome. A iniciativa da Casa envolve acordo de coopera\u00e7\u00e3o entre a AL e diversas institui\u00e7\u00f5es. A a\u00e7\u00e3o tem o objetivo de garantir seguran\u00e7a alimentar e nutricional \u00e0s fam\u00edlias em situa\u00e7\u00e3o de vulnerabilidade social, por meio da aquisi\u00e7\u00e3o e entrega de cestas b\u00e1sicas. Para possibilitar a aquisi\u00e7\u00e3o pela Assembleia, um projeto de lei, de autoria da Mesa Diretora, iniciou tramita\u00e7\u00e3o nesta quinta-feira e dever\u00e1 ser apreciado pelos parlamentares na pr\u00f3xima semana.<\/p>\n\n\n\n<p>&#8220;O acordo est\u00e1 baseado na previs\u00e3o constitucional que determina o Estado como provedor de assist\u00eancia aos desamparados, com a finalidade de assegurar a dignidade humana. Esse pacto deve durar enquanto durar a pandemia e a situa\u00e7\u00e3o de calamidade p\u00fablica nos munic\u00edpios, podendo ter continuidade&#8221;, disse Evandro sobre a a\u00e7\u00e3o que pretende amenizar os impactos sociais decorrentes da pandemia da Covid-19.<\/p>\n\n\n\n<p>Sobre a execu\u00e7\u00e3o do pacto, ser\u00e1 lan\u00e7ado Ato Normativo do Poder Legislativo, que definir\u00e1 os limites, a forma e as condi\u00e7\u00f5es a que se sujeitar\u00e1 a distribui\u00e7\u00e3o das cestas b\u00e1sicas entre as fam\u00edlias beneficiadas. Al\u00e9m disso, cada entidade ou poder que se inserir no Pacto Cear\u00e1 Contra a Fome atuar\u00e1 de forma conjunta com a Assembleia, com responsabilidades que envolvem desde o acompanhamento das arrecada\u00e7\u00f5es, a entrega e a fiscaliza\u00e7\u00e3o.<\/p>\n\n\n\n<p>Como em todo o Brasil, o Cear\u00e1 registrou recorde da taxa m\u00e9dia de desemprego em 2020, segundo dados divulgados pelo Instituto Brasileiro de Geografia e Estat\u00edstica (IBGE). No Pa\u00eds, a taxa m\u00e9dia de desemprego foi de 13,5%; no Cear\u00e1, de 13,2%. \u201cNeste momento, \u00e9 ineg\u00e1vel a necessidade de a\u00e7\u00f5es para garantir o m\u00ednimo para a sobreviv\u00eancia dessas fam\u00edlias mais vulner\u00e1veis financeiramente. O Poder Executivo tem promovido pol\u00edticas p\u00fablicas para amenizar os efeitos da pandemia, como subs\u00eddios na conta de \u00e1gua e de energia, distribui\u00e7\u00e3o de vale g\u00e1s, Aux\u00edlio Catador, ao setor de eventos, apoio a bares e restaurantes, e Cart\u00e3o Mais Inf\u00e2ncia&#8221;, citou.<\/p>\n\n\n\n<figure class=\"wp-block-image size-large\"><img loading=\"lazy\" decoding=\"async\" width=\"1024\" height=\"681\" src=\"https:\/\/blogdorogeriogomes.com.br\/wp-content\/uploads\/2021\/04\/IMG-20210429-WA0202-1024x681.jpg\" alt=\"\" class=\"wp-image-21047\" srcset=\"https:\/\/blogdorogeriogomes.com.br\/noticias\/wp-content\/uploads\/2021\/04\/IMG-20210429-WA0202-1024x681.jpg 1024w, https:\/\/blogdorogeriogomes.com.br\/noticias\/wp-content\/uploads\/2021\/04\/IMG-20210429-WA0202-300x199.jpg 300w, https:\/\/blogdorogeriogomes.com.br\/noticias\/wp-content\/uploads\/2021\/04\/IMG-20210429-WA0202-768x511.jpg 768w, https:\/\/blogdorogeriogomes.com.br\/noticias\/wp-content\/uploads\/2021\/04\/IMG-20210429-WA0202-800x532.jpg 800w, https:\/\/blogdorogeriogomes.com.br\/noticias\/wp-content\/uploads\/2021\/04\/IMG-20210429-WA0202.jpg 1280w\" sizes=\"auto, (max-width: 1024px) 100vw, 1024px\" \/><\/figure>\n","protected":false},"excerpt":{"rendered":"<p>O presidente da Assembleia Legislativa do Estado do Cear\u00e1, Evandro Leit\u00e3o, lan\u00e7ou nesta quinta-feira, dia 29 de abril, na sess\u00e3o plen\u00e1ria realizada pelo Sistema de Delibera\u00e7\u00e3o Remota (SDR), o Pacto Cear\u00e1 contra a Fome. A iniciativa da Casa envolve acordo de coopera\u00e7\u00e3o entre a AL e diversas institui\u00e7\u00f5es. A a\u00e7\u00e3o tem o objetivo de garantir seguran\u00e7a alimentar e nutricional \u00e0s fam\u00edlias em situa\u00e7\u00e3o de vulnerabilidade social, por meio da aquisi\u00e7\u00e3o e entrega de cestas b\u00e1sicas. Para possibilitar a aquisi\u00e7\u00e3o&hellip;<\/p>\n","protected":false},"author":1,"featured_media":21047,"comment_status":"open","ping_status":"open","sticky":false,"template":"","format":"standard","meta":{"footnotes":""},"categories":[1],"tags":[],"class_list":["post-21046","post","type-post","status-publish","format-standard","has-post-thumbnail","hentry","category-noticias"],"_links":{"self":[{"href":"https:\/\/blogdorogeriogomes.com.br\/noticias\/wp-json\/wp\/v2\/posts\/21046","targetHints":{"allow":["GET"]}}],"collection":[{"href":"https:\/\/blogdorogeriogomes.com.br\/noticias\/wp-json\/wp\/v2\/posts"}],"about":[{"href":"https:\/\/blogdorogeriogomes.com.br\/noticias\/wp-json\/wp\/v2\/types\/post"}],"author":[{"embeddable":true,"href":"https:\/\/blogdorogeriogomes.com.br\/noticias\/wp-json\/wp\/v2\/users\/1"}],"replies":[{"embeddable":true,"href":"https:\/\/blogdorogeriogomes.com.br\/noticias\/wp-json\/wp\/v2\/comments?post=21046"}],"version-history":[{"count":1,"href":"https:\/\/blogdorogeriogomes.com.br\/noticias\/wp-json\/wp\/v2\/posts\/21046\/revisions"}],"predecessor-version":[{"id":21048,"href":"https:\/\/blogdorogeriogomes.com.br\/noticias\/wp-json\/wp\/v2\/posts\/21046\/revisions\/21048"}],"wp:featuredmedia":[{"embeddable":true,"href":"https:\/\/blogdorogeriogomes.com.br\/noticias\/wp-json\/wp\/v2\/media\/21047"}],"wp:attachment":[{"href":"https:\/\/blogdorogeriogomes.com.br\/noticias\/wp-json\/wp\/v2\/media?parent=21046"}],"wp:term":[{"taxonomy":"category","embeddable":true,"href":"https:\/\/blogdorogeriogomes.com.br\/noticias\/wp-json\/wp\/v2\/categories?post=21046"},{"taxonomy":"post_tag","embeddable":true,"href":"https:\/\/blogdorogeriogomes.com.br\/noticias\/wp-json\/wp\/v2\/tags?post=21046"}],"curies":[{"name":"wp","href":"https:\/\/api.w.org\/{rel}","templated":true}]}}