{"id":21049,"date":"2021-04-30T11:09:16","date_gmt":"2021-04-30T11:09:16","guid":{"rendered":"https:\/\/blogdorogeriogomes.com.br\/?p=21049"},"modified":"2021-04-30T13:07:18","modified_gmt":"2021-04-30T13:07:18","slug":"apos-propor-convocacao-de-roberto-claudio-em-cpi-luis-eduardo-girao-e-chamado-de-bajulador-de-bolsonaro","status":"publish","type":"post","link":"https:\/\/blogdorogeriogomes.com.br\/noticias\/2021\/04\/apos-propor-convocacao-de-roberto-claudio-em-cpi-luis-eduardo-girao-e-chamado-de-bajulador-de-bolsonaro\/","title":{"rendered":"Ap\u00f3s propor convoca\u00e7\u00e3o de Roberto Cl\u00e1udio em CPI, Lu\u00eds Eduardo Gir\u00e3o \u00e9 chamado de &#8220;bajulador de Bolsonaro&#8221;"},"content":{"rendered":"\n<p>A CPI da Covid no Senado Federal j\u00e1 ter\u00e1 os seus primeiros depoimentos na pr\u00f3xima semana. A prioridade \u00e9 ouvir os ex-ministros da Sa\u00fade, o atual gestor e autoridades respons\u00e1veis pela gest\u00e3o da pandemia em n\u00edvel federal. Mas o senador cearense Lu\u00eds Eduardo Gir\u00e3o (Podemos), que \u00e9 um dos quatro governistas na CPI, tenta desviar do Pal\u00e1cio do Planalto o foco das investiga\u00e7\u00f5es. Resolveu propor a convoca\u00e7\u00e3o do ex-prefeito de Fortaleza, Roberto Cl\u00e1udio, e do atual secret\u00e1rio de Sa\u00fade do Estado, Dr.Cabeto. O convite, no entanto, precisa de aprova\u00e7\u00e3o dos membros da CPI. Os governistas t\u00eam quatro integrantes na comiss\u00e3o, enquanto oposi\u00e7\u00e3o e senadores independentes est\u00e3o com sete votos.<\/p>\n\n\n\n<p>Roberto Cl\u00e1udio tratou de responder \u00e0 provoca\u00e7\u00e3o de Eduardo Gir\u00e3o, que se diz descolado dos interesses do presidente Jair Bolsonaro, mas tem se mostrado como um dos maiores defensores do Governo Federal na CPI.<\/p>\n\n\n\n<p>\u201cN\u00e3o houve qualquer mobiliza\u00e7\u00e3o pol\u00edtica por parte do senador Gir\u00e3o em apoio \u00e0s medidas locais de isolamento social, \u00e0 aquisi\u00e7\u00e3o de insumos m\u00e9dicos ou ao trabalho de assist\u00eancia aos nossos doentes fortalezenses, nem mesmo para viabilizar vacinas ao Cear\u00e1\u201d, afirmou Roberto Cl\u00e1udio.<\/p>\n\n\n\n<p>O ex-prefeito da Capital ainda criticou a postura de Eduardo Gir\u00e3o de submiss\u00e3o e apoio \u00e0 pol\u00edtica de destrui\u00e7\u00e3o de pol\u00edticas sociais do Governo Bolsonaro, ao contr\u00e1rio do que tem buscado os tamb\u00e9m senadores cearenses Tasso Jereissati (PSDB) e Cid Gomes (PDT).  \u201cConcretamente n\u00e3o mexeu uma palha, como dizemos na nossa terra. Agora, aparece como bajulador do Governo Bolsonaro, tentando obstruir de todo jeito a investiga\u00e7\u00e3o sobre as a\u00e7\u00f5es e omiss\u00f5es do Governo Federal, protegendo os absurdos erros cometidos, o que tem custado a vida de mais de 400 mil brasileiros\u201d, refor\u00e7ou Roberto Cl\u00e1udio.<\/p>\n\n\n\n<p>Vale lembrar que o senador Eduardo Gir\u00e3o se apresenta como uma op\u00e7\u00e3o da oposi\u00e7\u00e3o para concorrer ao Governo do Cear\u00e1 em 2022, enquanto o ex-prefeito Roberto Cl\u00e1udio \u00e9 cotado para concorrer pelo grupo dos irm\u00e3os Cid e Ciro Gomes.<\/p>\n\n\n\n<figure class=\"wp-block-image size-large\"><img loading=\"lazy\" decoding=\"async\" width=\"1024\" height=\"1024\" src=\"https:\/\/blogdorogeriogomes.com.br\/wp-content\/uploads\/2021\/04\/IMG-20210430-WA0013-1024x1024.jpg\" alt=\"\" class=\"wp-image-21050\" srcset=\"https:\/\/blogdorogeriogomes.com.br\/noticias\/wp-content\/uploads\/2021\/04\/IMG-20210430-WA0013-1024x1024.jpg 1024w, https:\/\/blogdorogeriogomes.com.br\/noticias\/wp-content\/uploads\/2021\/04\/IMG-20210430-WA0013-300x300.jpg 300w, https:\/\/blogdorogeriogomes.com.br\/noticias\/wp-content\/uploads\/2021\/04\/IMG-20210430-WA0013-150x150.jpg 150w, https:\/\/blogdorogeriogomes.com.br\/noticias\/wp-content\/uploads\/2021\/04\/IMG-20210430-WA0013-768x768.jpg 768w, https:\/\/blogdorogeriogomes.com.br\/noticias\/wp-content\/uploads\/2021\/04\/IMG-20210430-WA0013-800x800.jpg 800w, https:\/\/blogdorogeriogomes.com.br\/noticias\/wp-content\/uploads\/2021\/04\/IMG-20210430-WA0013-250x250.jpg 250w, https:\/\/blogdorogeriogomes.com.br\/noticias\/wp-content\/uploads\/2021\/04\/IMG-20210430-WA0013.jpg 1280w\" sizes=\"auto, (max-width: 1024px) 100vw, 1024px\" \/><\/figure>\n","protected":false},"excerpt":{"rendered":"<p>A CPI da Covid no Senado Federal j\u00e1 ter\u00e1 os seus primeiros depoimentos na pr\u00f3xima semana. A prioridade \u00e9 ouvir os ex-ministros da Sa\u00fade, o atual gestor e autoridades respons\u00e1veis pela gest\u00e3o da pandemia em n\u00edvel federal. Mas o senador cearense Lu\u00eds Eduardo Gir\u00e3o (Podemos), que \u00e9 um dos quatro governistas na CPI, tenta desviar do Pal\u00e1cio do Planalto o foco das investiga\u00e7\u00f5es. Resolveu propor a convoca\u00e7\u00e3o do ex-prefeito de Fortaleza, Roberto Cl\u00e1udio, e do atual secret\u00e1rio de Sa\u00fade&hellip;<\/p>\n","protected":false},"author":1,"featured_media":21050,"comment_status":"open","ping_status":"open","sticky":false,"template":"","format":"standard","meta":{"footnotes":""},"categories":[1],"tags":[],"class_list":["post-21049","post","type-post","status-publish","format-standard","has-post-thumbnail","hentry","category-noticias"],"_links":{"self":[{"href":"https:\/\/blogdorogeriogomes.com.br\/noticias\/wp-json\/wp\/v2\/posts\/21049","targetHints":{"allow":["GET"]}}],"collection":[{"href":"https:\/\/blogdorogeriogomes.com.br\/noticias\/wp-json\/wp\/v2\/posts"}],"about":[{"href":"https:\/\/blogdorogeriogomes.com.br\/noticias\/wp-json\/wp\/v2\/types\/post"}],"author":[{"embeddable":true,"href":"https:\/\/blogdorogeriogomes.com.br\/noticias\/wp-json\/wp\/v2\/users\/1"}],"replies":[{"embeddable":true,"href":"https:\/\/blogdorogeriogomes.com.br\/noticias\/wp-json\/wp\/v2\/comments?post=21049"}],"version-history":[{"count":1,"href":"https:\/\/blogdorogeriogomes.com.br\/noticias\/wp-json\/wp\/v2\/posts\/21049\/revisions"}],"predecessor-version":[{"id":21051,"href":"https:\/\/blogdorogeriogomes.com.br\/noticias\/wp-json\/wp\/v2\/posts\/21049\/revisions\/21051"}],"wp:featuredmedia":[{"embeddable":true,"href":"https:\/\/blogdorogeriogomes.com.br\/noticias\/wp-json\/wp\/v2\/media\/21050"}],"wp:attachment":[{"href":"https:\/\/blogdorogeriogomes.com.br\/noticias\/wp-json\/wp\/v2\/media?parent=21049"}],"wp:term":[{"taxonomy":"category","embeddable":true,"href":"https:\/\/blogdorogeriogomes.com.br\/noticias\/wp-json\/wp\/v2\/categories?post=21049"},{"taxonomy":"post_tag","embeddable":true,"href":"https:\/\/blogdorogeriogomes.com.br\/noticias\/wp-json\/wp\/v2\/tags?post=21049"}],"curies":[{"name":"wp","href":"https:\/\/api.w.org\/{rel}","templated":true}]}}