{"id":21056,"date":"2021-04-30T22:56:27","date_gmt":"2021-04-30T22:56:27","guid":{"rendered":"https:\/\/blogdorogeriogomes.com.br\/?p=21056"},"modified":"2021-05-04T02:26:50","modified_gmt":"2021-05-04T02:26:50","slug":"camilo-santana-anuncia-novo-decreto-estadual-com-liberacao-de-atividades-no-fim-de-semana","status":"publish","type":"post","link":"https:\/\/blogdorogeriogomes.com.br\/noticias\/2021\/04\/camilo-santana-anuncia-novo-decreto-estadual-com-liberacao-de-atividades-no-fim-de-semana\/","title":{"rendered":"Camilo Santana anuncia novo decreto estadual com libera\u00e7\u00e3o de atividades no fim de semana"},"content":{"rendered":"\n<p>O novo decreto estadual anunciado pelo governador Camilo Santana (PT), na noite desta sexta-feira, dia 30 de abril, incluir\u00e1 na atual etapa de flexibiliza\u00e7\u00e3o das atividades econ\u00f4micas o funcionamento de com\u00e9rcio de rua, restaurantes, shoppings e igrejas nos fins de semana em todo o Cear\u00e1.<\/p>\n\n\n\n<p>A nova medida permite com que as lojas e restaurantes abram das 10 at\u00e9 15 horas, aos s\u00e1bados e domingos, enquanto os shoppings podem funcionar do meio-dia at\u00e9 \u00e0s 17 horas. O toque de recolher vai o ocorrer a partir das 19 horas no fim de semana.<\/p>\n\n\n\n<p>O decreto entra em vigor a partir da pr\u00f3xima segunda-feira, dia 3 de maio. Portanto, o lockdown permanece ativo durante este s\u00e1bado, dia 1\u00b0 de maio, e tamb\u00e9m no domingo, dia 2.<\/p>\n\n\n\n<p>Durante os dias \u00fateis, o regime segue inalterado: atividades econ\u00f4micas e religiosas com p\u00fablico presencial reduzido, al\u00e9m do toque de recolher das 20 at\u00e9 \u00e0s 5 horas do dia seguinte. As aulas presenciais nas escolas at\u00e9 o 9\u00ba ano do ensino fundamental. Academias e barracas de praia tamb\u00e9m est\u00e3o em funcionamento h\u00e1 uma semana.<\/p>\n\n\n\n<p>Durante a apresenta\u00e7\u00e3o dos dados da Covid-19 no Estado, Camilo salientou que &#8220;o n\u00famero de casos e \u00f3bitos segue com tend\u00eancia de redu\u00e7\u00e3o em Fortaleza e em algumas regi\u00f5es do Cear\u00e1, mas o momento ainda exige muita aten\u00e7\u00e3o e cuidado&#8221;.<\/p>\n\n\n\n<figure class=\"wp-block-image size-large\"><img loading=\"lazy\" decoding=\"async\" width=\"678\" height=\"452\" src=\"https:\/\/blogdorogeriogomes.com.br\/wp-content\/uploads\/2021\/04\/images-79.jpeg\" alt=\"\" class=\"wp-image-21057\" srcset=\"https:\/\/blogdorogeriogomes.com.br\/noticias\/wp-content\/uploads\/2021\/04\/images-79.jpeg 678w, https:\/\/blogdorogeriogomes.com.br\/noticias\/wp-content\/uploads\/2021\/04\/images-79-300x200.jpeg 300w\" sizes=\"auto, (max-width: 678px) 100vw, 678px\" \/><\/figure>\n","protected":false},"excerpt":{"rendered":"<p>O novo decreto estadual anunciado pelo governador Camilo Santana (PT), na noite desta sexta-feira, dia 30 de abril, incluir\u00e1 na atual etapa de flexibiliza\u00e7\u00e3o das atividades econ\u00f4micas o funcionamento de com\u00e9rcio de rua, restaurantes, shoppings e igrejas nos fins de semana em todo o Cear\u00e1. A nova medida permite com que as lojas e restaurantes abram das 10 at\u00e9 15 horas, aos s\u00e1bados e domingos, enquanto os shoppings podem funcionar do meio-dia at\u00e9 \u00e0s 17 horas. O toque de&hellip;<\/p>\n","protected":false},"author":1,"featured_media":21057,"comment_status":"open","ping_status":"open","sticky":false,"template":"","format":"standard","meta":{"footnotes":""},"categories":[1],"tags":[],"class_list":["post-21056","post","type-post","status-publish","format-standard","has-post-thumbnail","hentry","category-noticias"],"_links":{"self":[{"href":"https:\/\/blogdorogeriogomes.com.br\/noticias\/wp-json\/wp\/v2\/posts\/21056","targetHints":{"allow":["GET"]}}],"collection":[{"href":"https:\/\/blogdorogeriogomes.com.br\/noticias\/wp-json\/wp\/v2\/posts"}],"about":[{"href":"https:\/\/blogdorogeriogomes.com.br\/noticias\/wp-json\/wp\/v2\/types\/post"}],"author":[{"embeddable":true,"href":"https:\/\/blogdorogeriogomes.com.br\/noticias\/wp-json\/wp\/v2\/users\/1"}],"replies":[{"embeddable":true,"href":"https:\/\/blogdorogeriogomes.com.br\/noticias\/wp-json\/wp\/v2\/comments?post=21056"}],"version-history":[{"count":1,"href":"https:\/\/blogdorogeriogomes.com.br\/noticias\/wp-json\/wp\/v2\/posts\/21056\/revisions"}],"predecessor-version":[{"id":21058,"href":"https:\/\/blogdorogeriogomes.com.br\/noticias\/wp-json\/wp\/v2\/posts\/21056\/revisions\/21058"}],"wp:featuredmedia":[{"embeddable":true,"href":"https:\/\/blogdorogeriogomes.com.br\/noticias\/wp-json\/wp\/v2\/media\/21057"}],"wp:attachment":[{"href":"https:\/\/blogdorogeriogomes.com.br\/noticias\/wp-json\/wp\/v2\/media?parent=21056"}],"wp:term":[{"taxonomy":"category","embeddable":true,"href":"https:\/\/blogdorogeriogomes.com.br\/noticias\/wp-json\/wp\/v2\/categories?post=21056"},{"taxonomy":"post_tag","embeddable":true,"href":"https:\/\/blogdorogeriogomes.com.br\/noticias\/wp-json\/wp\/v2\/tags?post=21056"}],"curies":[{"name":"wp","href":"https:\/\/api.w.org\/{rel}","templated":true}]}}