{"id":21062,"date":"2021-05-01T10:22:33","date_gmt":"2021-05-01T10:22:33","guid":{"rendered":"https:\/\/blogdorogeriogomes.com.br\/?p=21062"},"modified":"2021-05-04T02:26:17","modified_gmt":"2021-05-04T02:26:17","slug":"projeto-por-do-sol-fortaleza-ressalta-a-importancia-do-respeito-a-diversidade-sexual-neste-domingo","status":"publish","type":"post","link":"https:\/\/blogdorogeriogomes.com.br\/noticias\/2021\/05\/projeto-por-do-sol-fortaleza-ressalta-a-importancia-do-respeito-a-diversidade-sexual-neste-domingo\/","title":{"rendered":"Projeto P\u00f4r do Sol Fortaleza ressalta a import\u00e2ncia do respeito \u00e0 diversidade sexual neste domingo"},"content":{"rendered":"\n<p>O respeito \u00e0 diversidade sexual, bandeira defendida pela Prefeitura de Fortaleza e apoiada pelo gabinete da primeira-dama, Nat\u00e1lia Herculano, \u00e9 o tema do Projeto P\u00f4r do Sol Fortaleza, neste domingo, dia 2 de maio, a partir das 16h30mon. A apresenta\u00e7\u00e3o, como sempre, poder\u00e1 ser acompanhada pelas redes sociais. A novidade \u00e9 que, a partir deste fim de semana, o concerto volta a ser transmitido pelo perfil da Secretaria do Turismo de Fortaleza no Instagram (@secretariadoturismodefortaleza), realizadora do projeto. Al\u00e9m disso, tamb\u00e9m poder\u00e1 ser acompanhado pelo perfil do pianista Felipe Adjafre (@felipeadjafre) ou em seu canal no Youtube (Felipe Adjafre).<\/p>\n\n\n\n<p>Inspirado pelo tema, Felipe Adjafre preparou um repert\u00f3rio especial, voltado para m\u00fasicas que t\u00eam rela\u00e7\u00e3o com a quest\u00e3o da diversidade sexual, mesclando com outras que costumam ser pedidas pelos seguidores.<\/p>\n\n\n\n<figure class=\"wp-block-image size-large\"><img loading=\"lazy\" decoding=\"async\" width=\"1024\" height=\"682\" src=\"https:\/\/blogdorogeriogomes.com.br\/wp-content\/uploads\/2021\/05\/IMG-20210416-WA0069-1024x682.jpg\" alt=\"\" class=\"wp-image-21063\" srcset=\"https:\/\/blogdorogeriogomes.com.br\/noticias\/wp-content\/uploads\/2021\/05\/IMG-20210416-WA0069-1024x682.jpg 1024w, https:\/\/blogdorogeriogomes.com.br\/noticias\/wp-content\/uploads\/2021\/05\/IMG-20210416-WA0069-300x200.jpg 300w, https:\/\/blogdorogeriogomes.com.br\/noticias\/wp-content\/uploads\/2021\/05\/IMG-20210416-WA0069-768x512.jpg 768w, https:\/\/blogdorogeriogomes.com.br\/noticias\/wp-content\/uploads\/2021\/05\/IMG-20210416-WA0069-800x533.jpg 800w, https:\/\/blogdorogeriogomes.com.br\/noticias\/wp-content\/uploads\/2021\/05\/IMG-20210416-WA0069.jpg 1280w\" sizes=\"auto, (max-width: 1024px) 100vw, 1024px\" \/><\/figure>\n\n\n\n<p><\/p>\n\n\n\n<p><\/p>\n\n\n\n<p><\/p>\n\n\n\n<p><\/p>\n\n\n\n<p><\/p>\n","protected":false},"excerpt":{"rendered":"<p>O respeito \u00e0 diversidade sexual, bandeira defendida pela Prefeitura de Fortaleza e apoiada pelo gabinete da primeira-dama, Nat\u00e1lia Herculano, \u00e9 o tema do Projeto P\u00f4r do Sol Fortaleza, neste domingo, dia 2 de maio, a partir das 16h30mon. A apresenta\u00e7\u00e3o, como sempre, poder\u00e1 ser acompanhada pelas redes sociais. A novidade \u00e9 que, a partir deste fim de semana, o concerto volta a ser transmitido pelo perfil da Secretaria do Turismo de Fortaleza no Instagram (@secretariadoturismodefortaleza), realizadora do projeto. Al\u00e9m&hellip;<\/p>\n","protected":false},"author":1,"featured_media":21063,"comment_status":"open","ping_status":"open","sticky":false,"template":"","format":"standard","meta":{"footnotes":""},"categories":[1],"tags":[],"class_list":["post-21062","post","type-post","status-publish","format-standard","has-post-thumbnail","hentry","category-noticias"],"_links":{"self":[{"href":"https:\/\/blogdorogeriogomes.com.br\/noticias\/wp-json\/wp\/v2\/posts\/21062","targetHints":{"allow":["GET"]}}],"collection":[{"href":"https:\/\/blogdorogeriogomes.com.br\/noticias\/wp-json\/wp\/v2\/posts"}],"about":[{"href":"https:\/\/blogdorogeriogomes.com.br\/noticias\/wp-json\/wp\/v2\/types\/post"}],"author":[{"embeddable":true,"href":"https:\/\/blogdorogeriogomes.com.br\/noticias\/wp-json\/wp\/v2\/users\/1"}],"replies":[{"embeddable":true,"href":"https:\/\/blogdorogeriogomes.com.br\/noticias\/wp-json\/wp\/v2\/comments?post=21062"}],"version-history":[{"count":1,"href":"https:\/\/blogdorogeriogomes.com.br\/noticias\/wp-json\/wp\/v2\/posts\/21062\/revisions"}],"predecessor-version":[{"id":21064,"href":"https:\/\/blogdorogeriogomes.com.br\/noticias\/wp-json\/wp\/v2\/posts\/21062\/revisions\/21064"}],"wp:featuredmedia":[{"embeddable":true,"href":"https:\/\/blogdorogeriogomes.com.br\/noticias\/wp-json\/wp\/v2\/media\/21063"}],"wp:attachment":[{"href":"https:\/\/blogdorogeriogomes.com.br\/noticias\/wp-json\/wp\/v2\/media?parent=21062"}],"wp:term":[{"taxonomy":"category","embeddable":true,"href":"https:\/\/blogdorogeriogomes.com.br\/noticias\/wp-json\/wp\/v2\/categories?post=21062"},{"taxonomy":"post_tag","embeddable":true,"href":"https:\/\/blogdorogeriogomes.com.br\/noticias\/wp-json\/wp\/v2\/tags?post=21062"}],"curies":[{"name":"wp","href":"https:\/\/api.w.org\/{rel}","templated":true}]}}