{"id":21065,"date":"2021-05-01T14:31:17","date_gmt":"2021-05-01T14:31:17","guid":{"rendered":"https:\/\/blogdorogeriogomes.com.br\/?p=21065"},"modified":"2021-05-04T02:26:05","modified_gmt":"2021-05-04T02:26:05","slug":"oab-federal-garante-candidatura-a-ex-integrantes-de-cargos-publicos-e-movimenta-cenario-das-eleicoes-da-oab-ce-para-este-ano","status":"publish","type":"post","link":"https:\/\/blogdorogeriogomes.com.br\/noticias\/2021\/05\/oab-federal-garante-candidatura-a-ex-integrantes-de-cargos-publicos-e-movimenta-cenario-das-eleicoes-da-oab-ce-para-este-ano\/","title":{"rendered":"OAB Federal garante candidatura a ex-integrantes de cargos p\u00fablicos e movimenta cen\u00e1rio das elei\u00e7\u00f5es da OAB-CE para este ano"},"content":{"rendered":"\n<p>As elei\u00e7\u00f5es para a OAB Cear\u00e1 s\u00f3 acontecem em novembro, mas nos bastidores j\u00e1 h\u00e1 movimenta\u00e7\u00e3o de candidatos. O Provimento 146\/2011 do Conselho Federal da OAB, que exige a comprova\u00e7\u00e3o do exerc\u00edcio de cinco anos ininterruptos de advocacia antes da posse, proibindo a candidatura de ex-integrantes de cargos p\u00fablicos \u00e0 diretoria da OAB, foi considerado inconstitucional pelo relator do OAB nacional, Aguiar Bastos.<br>A quest\u00e3o foi analisada em fun\u00e7\u00e3o de uma consulta feita pelo advogado cearense, Valdet\u00e1rio Andrade Monteiro, que ocupou cargo de secret\u00e1rio Chefe da Casa Civil no Distrito Federal em 2020, indagando se advogados, que se licenciaram para exercer cargos incompat\u00edveis com a advocacia, caso dos secret\u00e1rios de estado ou ministros, por exemplo, poderiam concorrer aos cargos de dire\u00e7\u00e3o da OAB.<br>O voto vencedor do relator, Aguiar Bastos, que foi acompanhado pelos membros da comiss\u00e3o eleitoral do Conselho Federal da OAB, Ant\u00f4nio Adonias Aguiar Bastos, Luiz Ren\u00ea Gon\u00e7alves do Amaral e Airton Martins Molina deixa claro que o advogado que se licenciou para exercer cargo p\u00fablico incompat\u00edvel com o exerc\u00edcio da advocacia deve ter garantido seu direito a disputar elei\u00e7\u00f5es na entidade, sem precisar comprovar o exerc\u00edcio de cinco anos ininterruptos de advocacia antes da posse.<br>A decis\u00e3o vale tamb\u00e9m para outros candidatos que ocuparam cargos p\u00fablicos, como \u00e9 o caso de Everardo Gueiros em Bras\u00edlia que ocupou o cargo de secret\u00e1rio no Distrito Federal, em igual per\u00edodo a Valdet\u00e1rio Monteiro. A decis\u00e3o do Conselho Federal da OAB movimenta o cen\u00e1rio eleitoral da OAB no Cear\u00e1, que ocorrer\u00e1 na segunda quinzena de novembro de 2021.<\/p>\n\n\n\n<p>Valdet\u00e1rio Andrade Monteiro foi presidente da OAB Cear\u00e1 por dois mandatos consecutivos (2010\/2012-2013\/2015) e \u00e9 ex-Conselheiro Federal da OAB. Valdet\u00e1rio estuda ser novamente candidato ao comando da OAB Cear\u00e1.<\/p>\n\n\n\n<p>O atual presidente da OAB estadual, Erinaldo Dantas, deve ser candidato \u00e0 reelei\u00e7\u00e3o. Tamb\u00e9m h\u00e1 movimenta\u00e7\u00e3o de outros candidatos para concorrer nas elei\u00e7\u00f5es da OAB Cear\u00e1 em novembro.<\/p>\n\n\n\n<figure class=\"wp-block-image size-large\"><img loading=\"lazy\" decoding=\"async\" width=\"678\" height=\"452\" src=\"https:\/\/blogdorogeriogomes.com.br\/wp-content\/uploads\/2021\/05\/images-81.jpeg\" alt=\"\" class=\"wp-image-21066\" srcset=\"https:\/\/blogdorogeriogomes.com.br\/noticias\/wp-content\/uploads\/2021\/05\/images-81.jpeg 678w, https:\/\/blogdorogeriogomes.com.br\/noticias\/wp-content\/uploads\/2021\/05\/images-81-300x200.jpeg 300w\" sizes=\"auto, (max-width: 678px) 100vw, 678px\" \/><\/figure>\n\n\n\n<p><\/p>\n","protected":false},"excerpt":{"rendered":"<p>As elei\u00e7\u00f5es para a OAB Cear\u00e1 s\u00f3 acontecem em novembro, mas nos bastidores j\u00e1 h\u00e1 movimenta\u00e7\u00e3o de candidatos. O Provimento 146\/2011 do Conselho Federal da OAB, que exige a comprova\u00e7\u00e3o do exerc\u00edcio de cinco anos ininterruptos de advocacia antes da posse, proibindo a candidatura de ex-integrantes de cargos p\u00fablicos \u00e0 diretoria da OAB, foi considerado inconstitucional pelo relator do OAB nacional, Aguiar Bastos.A quest\u00e3o foi analisada em fun\u00e7\u00e3o de uma consulta feita pelo advogado cearense, Valdet\u00e1rio Andrade Monteiro, que&hellip;<\/p>\n","protected":false},"author":1,"featured_media":21066,"comment_status":"open","ping_status":"open","sticky":false,"template":"","format":"standard","meta":{"footnotes":""},"categories":[1],"tags":[],"class_list":["post-21065","post","type-post","status-publish","format-standard","has-post-thumbnail","hentry","category-noticias"],"_links":{"self":[{"href":"https:\/\/blogdorogeriogomes.com.br\/noticias\/wp-json\/wp\/v2\/posts\/21065","targetHints":{"allow":["GET"]}}],"collection":[{"href":"https:\/\/blogdorogeriogomes.com.br\/noticias\/wp-json\/wp\/v2\/posts"}],"about":[{"href":"https:\/\/blogdorogeriogomes.com.br\/noticias\/wp-json\/wp\/v2\/types\/post"}],"author":[{"embeddable":true,"href":"https:\/\/blogdorogeriogomes.com.br\/noticias\/wp-json\/wp\/v2\/users\/1"}],"replies":[{"embeddable":true,"href":"https:\/\/blogdorogeriogomes.com.br\/noticias\/wp-json\/wp\/v2\/comments?post=21065"}],"version-history":[{"count":1,"href":"https:\/\/blogdorogeriogomes.com.br\/noticias\/wp-json\/wp\/v2\/posts\/21065\/revisions"}],"predecessor-version":[{"id":21067,"href":"https:\/\/blogdorogeriogomes.com.br\/noticias\/wp-json\/wp\/v2\/posts\/21065\/revisions\/21067"}],"wp:featuredmedia":[{"embeddable":true,"href":"https:\/\/blogdorogeriogomes.com.br\/noticias\/wp-json\/wp\/v2\/media\/21066"}],"wp:attachment":[{"href":"https:\/\/blogdorogeriogomes.com.br\/noticias\/wp-json\/wp\/v2\/media?parent=21065"}],"wp:term":[{"taxonomy":"category","embeddable":true,"href":"https:\/\/blogdorogeriogomes.com.br\/noticias\/wp-json\/wp\/v2\/categories?post=21065"},{"taxonomy":"post_tag","embeddable":true,"href":"https:\/\/blogdorogeriogomes.com.br\/noticias\/wp-json\/wp\/v2\/tags?post=21065"}],"curies":[{"name":"wp","href":"https:\/\/api.w.org\/{rel}","templated":true}]}}