{"id":21071,"date":"2021-05-03T09:58:54","date_gmt":"2021-05-03T09:58:54","guid":{"rendered":"https:\/\/blogdorogeriogomes.com.br\/?p=21071"},"modified":"2021-05-04T02:25:43","modified_gmt":"2021-05-04T02:25:43","slug":"fortaleza-volta-a-aplicar-segunda-dose-da-coronavac-vacinas-da-pfizer-chegam-nesta-segunda-feira","status":"publish","type":"post","link":"https:\/\/blogdorogeriogomes.com.br\/noticias\/2021\/05\/fortaleza-volta-a-aplicar-segunda-dose-da-coronavac-vacinas-da-pfizer-chegam-nesta-segunda-feira\/","title":{"rendered":"Fortaleza volta a aplicar segunda dose da CoronaVac. Vacinas da Pfizer chegam nesta segunda-feira"},"content":{"rendered":"\n<p>A Secretaria de Sa\u00fade de Fortaleza volta a aplicar a segunda dose da vacina CoronaVac contra a Covid-19, nesta segunda-feira, dia 3 de maio. Fortaleza&nbsp;recebeu 4.130 doses da CoronaVac para uso exclusivo da segunda dose. Ap\u00f3s tr\u00eas dias de interrup\u00e7\u00e3o, a vacina\u00e7\u00e3o com a segunda dose ser\u00e1 retomada hoje.<\/p>\n\n\n\n<p>Outras 11.600 doses ser\u00e3o destinadas a 26 munic\u00edpios do Cear\u00e1, segundo a&nbsp;Secretaria da Sa\u00fade do Cear\u00e1 (Sesa). Os munic\u00edpios s\u00e3o os que&nbsp;solicitaram refor\u00e7o extraordin\u00e1rio \u00e0 Sesa por estarem sem doses para concluir imuniza\u00e7\u00e3o de idosos.<\/p>\n\n\n\n<p>Outra boa not\u00edcia \u00e9 que o primeiro lote de vacinas da Pfizer\/BioNTech vai chegar ao Cear\u00e1 nesta segunda-feira, dia 3, com 17.555 doses. Al\u00e9m disso, o Estado recebe ainda, tamb\u00e9m nesta segunda, as 255.750 doses do imunizante da Oxford\/AstraZeneca que tinha previs\u00e3o de chegar no fim de semana.<\/p>\n\n\n\n<figure class=\"wp-block-image size-large\"><img loading=\"lazy\" decoding=\"async\" width=\"679\" height=\"452\" src=\"https:\/\/blogdorogeriogomes.com.br\/wp-content\/uploads\/2021\/05\/images-84.jpeg\" alt=\"\" class=\"wp-image-21072\" srcset=\"https:\/\/blogdorogeriogomes.com.br\/noticias\/wp-content\/uploads\/2021\/05\/images-84.jpeg 679w, https:\/\/blogdorogeriogomes.com.br\/noticias\/wp-content\/uploads\/2021\/05\/images-84-300x200.jpeg 300w\" sizes=\"auto, (max-width: 679px) 100vw, 679px\" \/><\/figure>\n\n\n\n<p><\/p>\n\n\n\n<p><\/p>\n\n\n\n<p><\/p>\n\n\n\n<p><\/p>\n\n\n\n<p><\/p>\n\n\n\n<p><\/p>\n\n\n\n<p><\/p>\n\n\n\n<p><\/p>\n\n\n\n<p><\/p>\n","protected":false},"excerpt":{"rendered":"<p>A Secretaria de Sa\u00fade de Fortaleza volta a aplicar a segunda dose da vacina CoronaVac contra a Covid-19, nesta segunda-feira, dia 3 de maio. Fortaleza&nbsp;recebeu 4.130 doses da CoronaVac para uso exclusivo da segunda dose. Ap\u00f3s tr\u00eas dias de interrup\u00e7\u00e3o, a vacina\u00e7\u00e3o com a segunda dose ser\u00e1 retomada hoje. Outras 11.600 doses ser\u00e3o destinadas a 26 munic\u00edpios do Cear\u00e1, segundo a&nbsp;Secretaria da Sa\u00fade do Cear\u00e1 (Sesa). Os munic\u00edpios s\u00e3o os que&nbsp;solicitaram refor\u00e7o extraordin\u00e1rio \u00e0 Sesa por estarem sem doses&hellip;<\/p>\n","protected":false},"author":1,"featured_media":21072,"comment_status":"open","ping_status":"open","sticky":false,"template":"","format":"standard","meta":{"footnotes":""},"categories":[1],"tags":[],"class_list":["post-21071","post","type-post","status-publish","format-standard","has-post-thumbnail","hentry","category-noticias"],"_links":{"self":[{"href":"https:\/\/blogdorogeriogomes.com.br\/noticias\/wp-json\/wp\/v2\/posts\/21071","targetHints":{"allow":["GET"]}}],"collection":[{"href":"https:\/\/blogdorogeriogomes.com.br\/noticias\/wp-json\/wp\/v2\/posts"}],"about":[{"href":"https:\/\/blogdorogeriogomes.com.br\/noticias\/wp-json\/wp\/v2\/types\/post"}],"author":[{"embeddable":true,"href":"https:\/\/blogdorogeriogomes.com.br\/noticias\/wp-json\/wp\/v2\/users\/1"}],"replies":[{"embeddable":true,"href":"https:\/\/blogdorogeriogomes.com.br\/noticias\/wp-json\/wp\/v2\/comments?post=21071"}],"version-history":[{"count":2,"href":"https:\/\/blogdorogeriogomes.com.br\/noticias\/wp-json\/wp\/v2\/posts\/21071\/revisions"}],"predecessor-version":[{"id":21089,"href":"https:\/\/blogdorogeriogomes.com.br\/noticias\/wp-json\/wp\/v2\/posts\/21071\/revisions\/21089"}],"wp:featuredmedia":[{"embeddable":true,"href":"https:\/\/blogdorogeriogomes.com.br\/noticias\/wp-json\/wp\/v2\/media\/21072"}],"wp:attachment":[{"href":"https:\/\/blogdorogeriogomes.com.br\/noticias\/wp-json\/wp\/v2\/media?parent=21071"}],"wp:term":[{"taxonomy":"category","embeddable":true,"href":"https:\/\/blogdorogeriogomes.com.br\/noticias\/wp-json\/wp\/v2\/categories?post=21071"},{"taxonomy":"post_tag","embeddable":true,"href":"https:\/\/blogdorogeriogomes.com.br\/noticias\/wp-json\/wp\/v2\/tags?post=21071"}],"curies":[{"name":"wp","href":"https:\/\/api.w.org\/{rel}","templated":true}]}}