{"id":21074,"date":"2021-05-03T10:34:39","date_gmt":"2021-05-03T10:34:39","guid":{"rendered":"https:\/\/blogdorogeriogomes.com.br\/?p=21074"},"modified":"2021-05-04T02:25:33","modified_gmt":"2021-05-04T02:25:33","slug":"lula-inicia-contatos-politicos-em-brasilia-e-defende-aumento-do-auxilio-emergencial-para-r-600-reais","status":"publish","type":"post","link":"https:\/\/blogdorogeriogomes.com.br\/noticias\/2021\/05\/lula-inicia-contatos-politicos-em-brasilia-e-defende-aumento-do-auxilio-emergencial-para-r-600-reais\/","title":{"rendered":"Lula inicia contatos pol\u00edticos em Bras\u00edlia e defende aumento do aux\u00edlio emergencial para R$ 600 reais"},"content":{"rendered":"\n<p>O ex-presidente Lula (PT) inicia esta semana com uma s\u00e9rie de contatos pol\u00edticos em Bras\u00edlia. Faz parte da articula\u00e7\u00e3o para uma prov\u00e1vel candidatura \u00e0 Presid\u00eancia da Rep\u00fablica em 2022. Mas o principal foco da viagem de Lula \u00e0 Capital Federal \u00e9 a busca de convencer parlamentares do Congresso Nacional a aumentar o valor do aux\u00edlio emergencial para R$ 600 reais, no momento que o Brasil passou de 400 mil mortos pela Covid-19 e se agrava a crises financeira da popula\u00e7\u00e3o mais pobre que tamb\u00e9m est\u00e1 desempregada. <\/p>\n\n\n\n<p>Lula avalia que n\u00e3o \u00e9 hora de fazer controle de gastos p\u00fablicos no meio de uma pandemia e que, assim como os Estados Unidos, o Brasil deve emitir moeda para bancar despesas extras.<\/p>\n\n\n\n<p>Em Bras\u00edlia, a semana ser\u00e1 de muita movimenta\u00e7\u00e3o no mundo pol\u00edtico. Com o Governo Federal fragilizado na CPI da Covid no Senado Federal, a comiss\u00e3o parlamentar de inqu\u00e9rito estreia, nesta ter\u00e7a-feira, dia 3 de maio, a fase de depoimentos dedicada a devassar as a\u00e7\u00f5es de todos os ministros da Sa\u00fade que passaram pelo comando do presidente Jair Bolsonaro.<\/p>\n\n\n\n<figure class=\"wp-block-image size-large\"><img loading=\"lazy\" decoding=\"async\" width=\"652\" height=\"471\" src=\"https:\/\/blogdorogeriogomes.com.br\/wp-content\/uploads\/2021\/05\/images-85.jpeg\" alt=\"\" class=\"wp-image-21075\" srcset=\"https:\/\/blogdorogeriogomes.com.br\/noticias\/wp-content\/uploads\/2021\/05\/images-85.jpeg 652w, https:\/\/blogdorogeriogomes.com.br\/noticias\/wp-content\/uploads\/2021\/05\/images-85-300x217.jpeg 300w\" sizes=\"auto, (max-width: 652px) 100vw, 652px\" \/><\/figure>\n","protected":false},"excerpt":{"rendered":"<p>O ex-presidente Lula (PT) inicia esta semana com uma s\u00e9rie de contatos pol\u00edticos em Bras\u00edlia. Faz parte da articula\u00e7\u00e3o para uma prov\u00e1vel candidatura \u00e0 Presid\u00eancia da Rep\u00fablica em 2022. Mas o principal foco da viagem de Lula \u00e0 Capital Federal \u00e9 a busca de convencer parlamentares do Congresso Nacional a aumentar o valor do aux\u00edlio emergencial para R$ 600 reais, no momento que o Brasil passou de 400 mil mortos pela Covid-19 e se agrava a crises financeira da&hellip;<\/p>\n","protected":false},"author":1,"featured_media":21075,"comment_status":"open","ping_status":"open","sticky":false,"template":"","format":"standard","meta":{"footnotes":""},"categories":[1],"tags":[],"class_list":["post-21074","post","type-post","status-publish","format-standard","has-post-thumbnail","hentry","category-noticias"],"_links":{"self":[{"href":"https:\/\/blogdorogeriogomes.com.br\/noticias\/wp-json\/wp\/v2\/posts\/21074","targetHints":{"allow":["GET"]}}],"collection":[{"href":"https:\/\/blogdorogeriogomes.com.br\/noticias\/wp-json\/wp\/v2\/posts"}],"about":[{"href":"https:\/\/blogdorogeriogomes.com.br\/noticias\/wp-json\/wp\/v2\/types\/post"}],"author":[{"embeddable":true,"href":"https:\/\/blogdorogeriogomes.com.br\/noticias\/wp-json\/wp\/v2\/users\/1"}],"replies":[{"embeddable":true,"href":"https:\/\/blogdorogeriogomes.com.br\/noticias\/wp-json\/wp\/v2\/comments?post=21074"}],"version-history":[{"count":1,"href":"https:\/\/blogdorogeriogomes.com.br\/noticias\/wp-json\/wp\/v2\/posts\/21074\/revisions"}],"predecessor-version":[{"id":21076,"href":"https:\/\/blogdorogeriogomes.com.br\/noticias\/wp-json\/wp\/v2\/posts\/21074\/revisions\/21076"}],"wp:featuredmedia":[{"embeddable":true,"href":"https:\/\/blogdorogeriogomes.com.br\/noticias\/wp-json\/wp\/v2\/media\/21075"}],"wp:attachment":[{"href":"https:\/\/blogdorogeriogomes.com.br\/noticias\/wp-json\/wp\/v2\/media?parent=21074"}],"wp:term":[{"taxonomy":"category","embeddable":true,"href":"https:\/\/blogdorogeriogomes.com.br\/noticias\/wp-json\/wp\/v2\/categories?post=21074"},{"taxonomy":"post_tag","embeddable":true,"href":"https:\/\/blogdorogeriogomes.com.br\/noticias\/wp-json\/wp\/v2\/tags?post=21074"}],"curies":[{"name":"wp","href":"https:\/\/api.w.org\/{rel}","templated":true}]}}