{"id":21077,"date":"2021-05-03T22:52:12","date_gmt":"2021-05-03T22:52:12","guid":{"rendered":"https:\/\/blogdorogeriogomes.com.br\/?p=21077"},"modified":"2021-05-04T02:25:22","modified_gmt":"2021-05-04T02:25:22","slug":"refis-covid-prefeitura-de-fortaleza-oferece-socorro-fiscal-com-descontos-em-juros-e-multas-de-ate-100","status":"publish","type":"post","link":"https:\/\/blogdorogeriogomes.com.br\/noticias\/2021\/05\/refis-covid-prefeitura-de-fortaleza-oferece-socorro-fiscal-com-descontos-em-juros-e-multas-de-ate-100\/","title":{"rendered":"Refis Covid: Prefeitura de Fortaleza oferece socorro fiscal com descontos em juros e multas de at\u00e9 100%"},"content":{"rendered":"\n<p>A Prefeitura de Fortaleza oferece, a partir desta segunda-feira, dia 3 de maio, o Programa de Recupera\u00e7\u00e3o de Cr\u00e9ditos Tribut\u00e1rios e N\u00e3o Tribut\u00e1rios (Refis Covid), com descontos em juros e multas de at\u00e9 100%. O objetivo \u00e9 minimizar os efeitos econ\u00f4micos da pandemia na Capital.<\/p>\n\n\n\n<p>Est\u00e3o aptos a participar do programa os contribuintes com d\u00e9bitos at\u00e9 31 de dezembro de 2020, e tamb\u00e9m os que j\u00e1 possuem parcelamento e queiram renegociar o restante da d\u00edvida. A negocia\u00e7\u00e3o vale para pagamentos \u00e0 vista e parcelados. A ades\u00e3o pode ser feita pelo site www.fortaleza.ce.gov.br\/socorrofiscal. Poder\u00e3o ser negociados d\u00e9bitos de IPTU, ISS, ITBI, taxas e pre\u00e7os p\u00fablicos, incluindo aqueles j\u00e1 judicializados e inclu\u00eddos na D\u00edvida Ativa do Munic\u00edpio.<\/p>\n\n\n\n<figure class=\"wp-block-image size-large\"><img loading=\"lazy\" decoding=\"async\" width=\"739\" height=\"415\" src=\"https:\/\/blogdorogeriogomes.com.br\/wp-content\/uploads\/2021\/05\/images-86.jpeg\" alt=\"\" class=\"wp-image-21078\" srcset=\"https:\/\/blogdorogeriogomes.com.br\/noticias\/wp-content\/uploads\/2021\/05\/images-86.jpeg 739w, https:\/\/blogdorogeriogomes.com.br\/noticias\/wp-content\/uploads\/2021\/05\/images-86-300x168.jpeg 300w\" sizes=\"auto, (max-width: 739px) 100vw, 739px\" \/><\/figure>\n","protected":false},"excerpt":{"rendered":"<p>A Prefeitura de Fortaleza oferece, a partir desta segunda-feira, dia 3 de maio, o Programa de Recupera\u00e7\u00e3o de Cr\u00e9ditos Tribut\u00e1rios e N\u00e3o Tribut\u00e1rios (Refis Covid), com descontos em juros e multas de at\u00e9 100%. O objetivo \u00e9 minimizar os efeitos econ\u00f4micos da pandemia na Capital. Est\u00e3o aptos a participar do programa os contribuintes com d\u00e9bitos at\u00e9 31 de dezembro de 2020, e tamb\u00e9m os que j\u00e1 possuem parcelamento e queiram renegociar o restante da d\u00edvida. A negocia\u00e7\u00e3o vale para&hellip;<\/p>\n","protected":false},"author":1,"featured_media":21078,"comment_status":"open","ping_status":"open","sticky":false,"template":"","format":"standard","meta":{"footnotes":""},"categories":[1],"tags":[],"class_list":["post-21077","post","type-post","status-publish","format-standard","has-post-thumbnail","hentry","category-noticias"],"_links":{"self":[{"href":"https:\/\/blogdorogeriogomes.com.br\/noticias\/wp-json\/wp\/v2\/posts\/21077","targetHints":{"allow":["GET"]}}],"collection":[{"href":"https:\/\/blogdorogeriogomes.com.br\/noticias\/wp-json\/wp\/v2\/posts"}],"about":[{"href":"https:\/\/blogdorogeriogomes.com.br\/noticias\/wp-json\/wp\/v2\/types\/post"}],"author":[{"embeddable":true,"href":"https:\/\/blogdorogeriogomes.com.br\/noticias\/wp-json\/wp\/v2\/users\/1"}],"replies":[{"embeddable":true,"href":"https:\/\/blogdorogeriogomes.com.br\/noticias\/wp-json\/wp\/v2\/comments?post=21077"}],"version-history":[{"count":1,"href":"https:\/\/blogdorogeriogomes.com.br\/noticias\/wp-json\/wp\/v2\/posts\/21077\/revisions"}],"predecessor-version":[{"id":21079,"href":"https:\/\/blogdorogeriogomes.com.br\/noticias\/wp-json\/wp\/v2\/posts\/21077\/revisions\/21079"}],"wp:featuredmedia":[{"embeddable":true,"href":"https:\/\/blogdorogeriogomes.com.br\/noticias\/wp-json\/wp\/v2\/media\/21078"}],"wp:attachment":[{"href":"https:\/\/blogdorogeriogomes.com.br\/noticias\/wp-json\/wp\/v2\/media?parent=21077"}],"wp:term":[{"taxonomy":"category","embeddable":true,"href":"https:\/\/blogdorogeriogomes.com.br\/noticias\/wp-json\/wp\/v2\/categories?post=21077"},{"taxonomy":"post_tag","embeddable":true,"href":"https:\/\/blogdorogeriogomes.com.br\/noticias\/wp-json\/wp\/v2\/tags?post=21077"}],"curies":[{"name":"wp","href":"https:\/\/api.w.org\/{rel}","templated":true}]}}