{"id":21080,"date":"2021-05-03T23:00:02","date_gmt":"2021-05-03T23:00:02","guid":{"rendered":"https:\/\/blogdorogeriogomes.com.br\/?p=21080"},"modified":"2021-05-04T02:25:11","modified_gmt":"2021-05-04T02:25:11","slug":"segundo-lote-do-vale-gas-comeca-a-ser-distribuido-nesta-terca-feira-e-deve-beneficiar-mais-de-126-mil-familias-em-todo-ceara","status":"publish","type":"post","link":"https:\/\/blogdorogeriogomes.com.br\/noticias\/2021\/05\/segundo-lote-do-vale-gas-comeca-a-ser-distribuido-nesta-terca-feira-e-deve-beneficiar-mais-de-126-mil-familias-em-todo-ceara\/","title":{"rendered":"Segundo lote do Vale G\u00e1s come\u00e7a a ser distribu\u00eddo nesta ter\u00e7a-feira e deve beneficiar mais de 126 mil fam\u00edlias em todo Cear\u00e1"},"content":{"rendered":"\n<p>Depois da entrega do primeiro lote do Vale G\u00e1s Social que aconteceu em abril e beneficiou mais de 130 fam\u00edlias em situa\u00e7\u00e3o de vulnerabilidade, agora o Governo do Estado anuncia a distribui\u00e7\u00e3o do segundo lote, que deve acontecer nesta ter\u00e7a-feira, dia 4 de maio. Esse vales ser\u00e3o entregues a 84 munic\u00edpios das regi\u00f5es Metropolitana de Fortaleza, Centro-Sul, litorais Leste e Oeste, Maci\u00e7o de Baturit\u00e9 e Cariri.<br>Na quarta-feira, dia 5 de maio, ser\u00e3o atendidos 82 munic\u00edpios dos sert\u00f5es de Sobral, de Canind\u00e9, Central, dos Inhamuns e de Crate\u00fas; do Vale do Jaguaribe, Serra da Ibiapaba e do Litoral Norte.<br>Esse benef\u00edcio \u00e9 importante para cada fam\u00edlia que conta com as a\u00e7\u00f5es do Governo do Estado.<br>Em todo o Cear\u00e1, o Vale G\u00e1s Social deve beneficiar mais de 125.263 fam\u00edlias.<br>Os prefeitos dos munic\u00edpios cearenses receber\u00e3o os t\u00edquetes na sede da Secretaria da Prote\u00e7\u00e3o Social, Justi\u00e7a, Cidadania, Mulheres e Direitos Humanos (SPS).<\/p>\n\n\n\n<figure class=\"wp-block-image size-large\"><img loading=\"lazy\" decoding=\"async\" width=\"678\" height=\"452\" src=\"https:\/\/blogdorogeriogomes.com.br\/wp-content\/uploads\/2021\/05\/IMG-20210503-WA0148.jpg\" alt=\"\" class=\"wp-image-21081\" srcset=\"https:\/\/blogdorogeriogomes.com.br\/noticias\/wp-content\/uploads\/2021\/05\/IMG-20210503-WA0148.jpg 678w, https:\/\/blogdorogeriogomes.com.br\/noticias\/wp-content\/uploads\/2021\/05\/IMG-20210503-WA0148-300x200.jpg 300w\" sizes=\"auto, (max-width: 678px) 100vw, 678px\" \/><\/figure>\n","protected":false},"excerpt":{"rendered":"<p>Depois da entrega do primeiro lote do Vale G\u00e1s Social que aconteceu em abril e beneficiou mais de 130 fam\u00edlias em situa\u00e7\u00e3o de vulnerabilidade, agora o Governo do Estado anuncia a distribui\u00e7\u00e3o do segundo lote, que deve acontecer nesta ter\u00e7a-feira, dia 4 de maio. Esse vales ser\u00e3o entregues a 84 munic\u00edpios das regi\u00f5es Metropolitana de Fortaleza, Centro-Sul, litorais Leste e Oeste, Maci\u00e7o de Baturit\u00e9 e Cariri.Na quarta-feira, dia 5 de maio, ser\u00e3o atendidos 82 munic\u00edpios dos sert\u00f5es de Sobral,&hellip;<\/p>\n","protected":false},"author":1,"featured_media":21081,"comment_status":"open","ping_status":"open","sticky":false,"template":"","format":"standard","meta":{"footnotes":""},"categories":[1],"tags":[],"class_list":["post-21080","post","type-post","status-publish","format-standard","has-post-thumbnail","hentry","category-noticias"],"_links":{"self":[{"href":"https:\/\/blogdorogeriogomes.com.br\/noticias\/wp-json\/wp\/v2\/posts\/21080","targetHints":{"allow":["GET"]}}],"collection":[{"href":"https:\/\/blogdorogeriogomes.com.br\/noticias\/wp-json\/wp\/v2\/posts"}],"about":[{"href":"https:\/\/blogdorogeriogomes.com.br\/noticias\/wp-json\/wp\/v2\/types\/post"}],"author":[{"embeddable":true,"href":"https:\/\/blogdorogeriogomes.com.br\/noticias\/wp-json\/wp\/v2\/users\/1"}],"replies":[{"embeddable":true,"href":"https:\/\/blogdorogeriogomes.com.br\/noticias\/wp-json\/wp\/v2\/comments?post=21080"}],"version-history":[{"count":1,"href":"https:\/\/blogdorogeriogomes.com.br\/noticias\/wp-json\/wp\/v2\/posts\/21080\/revisions"}],"predecessor-version":[{"id":21082,"href":"https:\/\/blogdorogeriogomes.com.br\/noticias\/wp-json\/wp\/v2\/posts\/21080\/revisions\/21082"}],"wp:featuredmedia":[{"embeddable":true,"href":"https:\/\/blogdorogeriogomes.com.br\/noticias\/wp-json\/wp\/v2\/media\/21081"}],"wp:attachment":[{"href":"https:\/\/blogdorogeriogomes.com.br\/noticias\/wp-json\/wp\/v2\/media?parent=21080"}],"wp:term":[{"taxonomy":"category","embeddable":true,"href":"https:\/\/blogdorogeriogomes.com.br\/noticias\/wp-json\/wp\/v2\/categories?post=21080"},{"taxonomy":"post_tag","embeddable":true,"href":"https:\/\/blogdorogeriogomes.com.br\/noticias\/wp-json\/wp\/v2\/tags?post=21080"}],"curies":[{"name":"wp","href":"https:\/\/api.w.org\/{rel}","templated":true}]}}