{"id":21083,"date":"2021-05-03T23:05:53","date_gmt":"2021-05-03T23:05:53","guid":{"rendered":"https:\/\/blogdorogeriogomes.com.br\/?p=21083"},"modified":"2021-05-04T02:25:02","modified_gmt":"2021-05-04T02:25:02","slug":"ciro-insiste-na-estrategia-de-atacar-lula-pdt-descarta-unidade-com-partidos-da-direita-erudita-em-2022","status":"publish","type":"post","link":"https:\/\/blogdorogeriogomes.com.br\/noticias\/2021\/05\/ciro-insiste-na-estrategia-de-atacar-lula-pdt-descarta-unidade-com-partidos-da-direita-erudita-em-2022\/","title":{"rendered":"Ciro insiste na estrat\u00e9gia de atacar Lula. PDT descarta unidade com partidos da direita &#8220;erudita&#8221; em 2022"},"content":{"rendered":"\n<p>Em novo v\u00eddeo divulgado em suas redes sociais nesta segunda-feira, dia 3 de maio, Ciro Gomes (PDT) abriu fogo com mais cr\u00edticas ao ex-presidente Luiz In\u00e1cio Lula da Silva (PT). Desta vez, o pedetista investiu no mote &#8220;verdades sobre Lula&#8221;, afirmando que o l\u00edder petista &#8220;deu pouco aos pobres e muito aos ricos&#8221; ao longo de seus dois mandatos na Presid\u00eancia da Rep\u00fablica.<\/p>\n\n\n\n<p>Recentemente, Ciro fechou contrato com o publicit\u00e1rio Jo\u00e3o Santana, ex-marqueteiro do PT, para cuidar de sua prepara\u00e7\u00e3o rumo \u00e0 disputa presidencial em 2022. Desde ent\u00e3o, o ex-ministro do governo Lula segue intensificando a difus\u00e3o de propostas e a imagem de independ\u00eancia por meio da produ\u00e7\u00e3o de conte\u00fado on-line.<\/p>\n\n\n\n<p>Esta investida tem gerado cr\u00edticas por parte da esquerda mais pr\u00f3xima ao ex-presidente Lula, e tamb\u00e9m incomodado aos defensores de uma frente ampla e de centro para disputar o pleito eleitoral no pr\u00f3ximo ano. O presidente do PDT, Carlos Lupi, j\u00e1 descartou a possibilidade do partido se aliar a candidatos da direita, como por exemplo o senador Tasso Jereissati (PSDB).<\/p>\n\n\n\n<p>&#8220;O PDT e Ciro Gomes jamais apoiar\u00e1 essa direita mais erudita, mais educada, mas que \u00e9 direita. Eu tenho o maior respeito pelo Tasso. A rela\u00e7\u00e3o (dele com Ciro) \u00e9 fraternal, mas n\u00e3o passa isso. N\u00f3s teremos Ciro como candidato \u00e0 presid\u00eancia da Rep\u00fablica&#8221;, disse Lupi em entrevista ao F\u00f3rum Onze e Meia.<\/p>\n\n\n\n<figure class=\"wp-block-image size-large\"><img loading=\"lazy\" decoding=\"async\" width=\"643\" height=\"477\" src=\"https:\/\/blogdorogeriogomes.com.br\/wp-content\/uploads\/2021\/05\/images-87.jpeg\" alt=\"\" class=\"wp-image-21084\" srcset=\"https:\/\/blogdorogeriogomes.com.br\/noticias\/wp-content\/uploads\/2021\/05\/images-87.jpeg 643w, https:\/\/blogdorogeriogomes.com.br\/noticias\/wp-content\/uploads\/2021\/05\/images-87-300x223.jpeg 300w\" sizes=\"auto, (max-width: 643px) 100vw, 643px\" \/><\/figure>\n","protected":false},"excerpt":{"rendered":"<p>Em novo v\u00eddeo divulgado em suas redes sociais nesta segunda-feira, dia 3 de maio, Ciro Gomes (PDT) abriu fogo com mais cr\u00edticas ao ex-presidente Luiz In\u00e1cio Lula da Silva (PT). Desta vez, o pedetista investiu no mote &#8220;verdades sobre Lula&#8221;, afirmando que o l\u00edder petista &#8220;deu pouco aos pobres e muito aos ricos&#8221; ao longo de seus dois mandatos na Presid\u00eancia da Rep\u00fablica. Recentemente, Ciro fechou contrato com o publicit\u00e1rio Jo\u00e3o Santana, ex-marqueteiro do PT, para cuidar de sua&hellip;<\/p>\n","protected":false},"author":1,"featured_media":21084,"comment_status":"open","ping_status":"open","sticky":false,"template":"","format":"standard","meta":{"footnotes":""},"categories":[1],"tags":[],"class_list":["post-21083","post","type-post","status-publish","format-standard","has-post-thumbnail","hentry","category-noticias"],"_links":{"self":[{"href":"https:\/\/blogdorogeriogomes.com.br\/noticias\/wp-json\/wp\/v2\/posts\/21083","targetHints":{"allow":["GET"]}}],"collection":[{"href":"https:\/\/blogdorogeriogomes.com.br\/noticias\/wp-json\/wp\/v2\/posts"}],"about":[{"href":"https:\/\/blogdorogeriogomes.com.br\/noticias\/wp-json\/wp\/v2\/types\/post"}],"author":[{"embeddable":true,"href":"https:\/\/blogdorogeriogomes.com.br\/noticias\/wp-json\/wp\/v2\/users\/1"}],"replies":[{"embeddable":true,"href":"https:\/\/blogdorogeriogomes.com.br\/noticias\/wp-json\/wp\/v2\/comments?post=21083"}],"version-history":[{"count":1,"href":"https:\/\/blogdorogeriogomes.com.br\/noticias\/wp-json\/wp\/v2\/posts\/21083\/revisions"}],"predecessor-version":[{"id":21085,"href":"https:\/\/blogdorogeriogomes.com.br\/noticias\/wp-json\/wp\/v2\/posts\/21083\/revisions\/21085"}],"wp:featuredmedia":[{"embeddable":true,"href":"https:\/\/blogdorogeriogomes.com.br\/noticias\/wp-json\/wp\/v2\/media\/21084"}],"wp:attachment":[{"href":"https:\/\/blogdorogeriogomes.com.br\/noticias\/wp-json\/wp\/v2\/media?parent=21083"}],"wp:term":[{"taxonomy":"category","embeddable":true,"href":"https:\/\/blogdorogeriogomes.com.br\/noticias\/wp-json\/wp\/v2\/categories?post=21083"},{"taxonomy":"post_tag","embeddable":true,"href":"https:\/\/blogdorogeriogomes.com.br\/noticias\/wp-json\/wp\/v2\/tags?post=21083"}],"curies":[{"name":"wp","href":"https:\/\/api.w.org\/{rel}","templated":true}]}}