{"id":21091,"date":"2021-05-04T10:00:32","date_gmt":"2021-05-04T10:00:32","guid":{"rendered":"https:\/\/blogdorogeriogomes.com.br\/?p=21091"},"modified":"2021-05-04T10:00:34","modified_gmt":"2021-05-04T10:00:34","slug":"mandetta-e-teich-sao-os-primeiros-depoentes-da-cpi-da-covid-nesta-terca-feira","status":"publish","type":"post","link":"https:\/\/blogdorogeriogomes.com.br\/noticias\/2021\/05\/mandetta-e-teich-sao-os-primeiros-depoentes-da-cpi-da-covid-nesta-terca-feira\/","title":{"rendered":"Mandetta e Teich s\u00e3o os primeiros depoentes da CPI da Covid nesta ter\u00e7a-feira"},"content":{"rendered":"\n<p>Os depoimentos da CPI da Covid no Senado Federal come\u00e7am nesta ter\u00e7a-feira, dia 4 de maio. Os ex-ministros da Sa\u00fade, Luiz Henrique Mandetta e Nelson Teich ser\u00e3o os depoentes do dia. Mandetta, hoje desafeto do presidente Jair Bolsonaro, promete &#8220;carregar&#8221; nas informa\u00e7\u00f5es \u00e0 CPI. Depois que deixou o Minist\u00e9rio, Mandetta chegou a classificar como &#8220;genocida&#8221; a atua\u00e7\u00e3o do Governo Federal no enfrentamento da crise sanit\u00e1ria. A sa\u00edda de Teich do governo se deu por n\u00e3o concordae com o presidente Jair Bolsonaro sobre a amplia\u00e7\u00e3o do uso da cloroquina e rem\u00e9dios sem comprova\u00e7\u00e3o cient\u00edfica para o tratamento do coronav\u00edrus.<\/p>\n\n\n\n<p>Uma coisa \u00e9 fato. A partir de hoje, a comiss\u00e3o instalada no Senado vai desnudar os verdadeiros respons\u00e1veis pelo Brasil ter ultrapassado as 400 mil mortes pela Covid-19. A CPI deve derrubar o papel que Bolsonaro mais gosta de desempenhar, que \u00e9 o de transferir a responsabilidade para os outros, quando ele \u00e9 que \u00e9 o Presidente da Rep\u00fablica e deveria estar coordenando em n\u00edvel nacional o combate ao coronav\u00edrus.<\/p>\n\n\n\n<figure class=\"wp-block-image size-large\"><img loading=\"lazy\" decoding=\"async\" width=\"678\" height=\"452\" src=\"https:\/\/blogdorogeriogomes.com.br\/wp-content\/uploads\/2021\/05\/images-88.jpeg\" alt=\"\" class=\"wp-image-21092\" srcset=\"https:\/\/blogdorogeriogomes.com.br\/noticias\/wp-content\/uploads\/2021\/05\/images-88.jpeg 678w, https:\/\/blogdorogeriogomes.com.br\/noticias\/wp-content\/uploads\/2021\/05\/images-88-300x200.jpeg 300w\" sizes=\"auto, (max-width: 678px) 100vw, 678px\" \/><\/figure>\n","protected":false},"excerpt":{"rendered":"<p>Os depoimentos da CPI da Covid no Senado Federal come\u00e7am nesta ter\u00e7a-feira, dia 4 de maio. Os ex-ministros da Sa\u00fade, Luiz Henrique Mandetta e Nelson Teich ser\u00e3o os depoentes do dia. Mandetta, hoje desafeto do presidente Jair Bolsonaro, promete &#8220;carregar&#8221; nas informa\u00e7\u00f5es \u00e0 CPI. Depois que deixou o Minist\u00e9rio, Mandetta chegou a classificar como &#8220;genocida&#8221; a atua\u00e7\u00e3o do Governo Federal no enfrentamento da crise sanit\u00e1ria. A sa\u00edda de Teich do governo se deu por n\u00e3o concordae com o presidente&hellip;<\/p>\n","protected":false},"author":1,"featured_media":0,"comment_status":"open","ping_status":"open","sticky":false,"template":"","format":"standard","meta":{"footnotes":""},"categories":[1],"tags":[],"class_list":["post-21091","post","type-post","status-publish","format-standard","hentry","category-noticias"],"_links":{"self":[{"href":"https:\/\/blogdorogeriogomes.com.br\/noticias\/wp-json\/wp\/v2\/posts\/21091","targetHints":{"allow":["GET"]}}],"collection":[{"href":"https:\/\/blogdorogeriogomes.com.br\/noticias\/wp-json\/wp\/v2\/posts"}],"about":[{"href":"https:\/\/blogdorogeriogomes.com.br\/noticias\/wp-json\/wp\/v2\/types\/post"}],"author":[{"embeddable":true,"href":"https:\/\/blogdorogeriogomes.com.br\/noticias\/wp-json\/wp\/v2\/users\/1"}],"replies":[{"embeddable":true,"href":"https:\/\/blogdorogeriogomes.com.br\/noticias\/wp-json\/wp\/v2\/comments?post=21091"}],"version-history":[{"count":1,"href":"https:\/\/blogdorogeriogomes.com.br\/noticias\/wp-json\/wp\/v2\/posts\/21091\/revisions"}],"predecessor-version":[{"id":21093,"href":"https:\/\/blogdorogeriogomes.com.br\/noticias\/wp-json\/wp\/v2\/posts\/21091\/revisions\/21093"}],"wp:attachment":[{"href":"https:\/\/blogdorogeriogomes.com.br\/noticias\/wp-json\/wp\/v2\/media?parent=21091"}],"wp:term":[{"taxonomy":"category","embeddable":true,"href":"https:\/\/blogdorogeriogomes.com.br\/noticias\/wp-json\/wp\/v2\/categories?post=21091"},{"taxonomy":"post_tag","embeddable":true,"href":"https:\/\/blogdorogeriogomes.com.br\/noticias\/wp-json\/wp\/v2\/tags?post=21091"}],"curies":[{"name":"wp","href":"https:\/\/api.w.org\/{rel}","templated":true}]}}