{"id":21094,"date":"2021-05-04T14:57:46","date_gmt":"2021-05-04T14:57:46","guid":{"rendered":"https:\/\/blogdorogeriogomes.com.br\/?p=21094"},"modified":"2021-05-09T14:55:22","modified_gmt":"2021-05-09T14:55:22","slug":"ministro-da-saude-sugere-a-empresarios-que-retirem-publicidade-de-veiculos-de-imprensa-que-fazem-criticas-ao-governo-federal","status":"publish","type":"post","link":"https:\/\/blogdorogeriogomes.com.br\/noticias\/2021\/05\/ministro-da-saude-sugere-a-empresarios-que-retirem-publicidade-de-veiculos-de-imprensa-que-fazem-criticas-ao-governo-federal\/","title":{"rendered":"Ministro da Sa\u00fade sugere a empres\u00e1rios que retirem publicidade de ve\u00edculos de imprensa que fazem cr\u00edticas ao Governo Federal"},"content":{"rendered":"\n<p>O Governo Bolsonaro acumulou mais um atrito com os ve\u00edculos de comunica\u00e7\u00e3o do Pa\u00eds. Agora foi a vez do ministro da Sa\u00fade, Marcelo Queiroga, acusar setores da imprensa de &#8220;motivar a disc\u00f3rdia&#8221; durante a pandemia de Covid-19 no Brasil, e na sequ\u00eancia pedir para que empres\u00e1rios n\u00e3o paguem mais publicidades para as empresas jornal\u00edsticas.<\/p>\n\n\n\n<p>&#8220;Seria bom que voc\u00eas, da iniciativa privada e que fazem publicidade nesse tipo de comunica\u00e7\u00e3o, repensassem essas estrat\u00e9gias&#8221;, disse Queiroga durante evento da Federa\u00e7\u00e3o das Ind\u00fastrias do Estado de S\u00e3o Paulo (Fiesp).<\/p>\n\n\n\n<p>A resposta do ministro vem ap\u00f3s divulga\u00e7\u00e3o de balan\u00e7os que apontam que o n\u00famero de vacinados no Brasil, com pelo menos uma dose do imunizante, equivale a apenas 14,9% da popula\u00e7\u00e3o. Ao todo, 7,4% receberam as duas doses. Al\u00e9m disso, o Governo Federal est\u00e1 no alvo da CPI da Covid que investigar\u00e1 omiss\u00f5es do presidente Jair Bolsonaro e do Minist\u00e9rio da Sa\u00fade na gest\u00e3o da crise sanit\u00e1ria, agravada em todo o Pa\u00eds.<\/p>\n\n\n\n<p>Nesta ter\u00e7a-feira, dia 4 de maio, grupo t\u00e9cnico criado por Queiroga decidiu contra indicar rem\u00e9dios para o tratamento contra a Covid-19 que n\u00e3o contam com comprova\u00e7\u00e3o de efic\u00e1cia, como cloroquina, hidroxicloroquina e ivermectina. Com uso defendido pelos bolsonaristas, todos esses medicamentos j\u00e1 apresentaram casos de efeitos adversos em pacientes que utilizaram. O Brasil j\u00e1 ultrapassa a barreira de 400 mil mortos pelo coronav\u00edrus.<\/p>\n\n\n\n<figure class=\"wp-block-image size-large\"><img loading=\"lazy\" decoding=\"async\" width=\"676\" height=\"454\" src=\"https:\/\/blogdorogeriogomes.com.br\/wp-content\/uploads\/2021\/05\/images-89.jpeg\" alt=\"\" class=\"wp-image-21095\" srcset=\"https:\/\/blogdorogeriogomes.com.br\/noticias\/wp-content\/uploads\/2021\/05\/images-89.jpeg 676w, https:\/\/blogdorogeriogomes.com.br\/noticias\/wp-content\/uploads\/2021\/05\/images-89-300x201.jpeg 300w\" sizes=\"auto, (max-width: 676px) 100vw, 676px\" \/><\/figure>\n","protected":false},"excerpt":{"rendered":"<p>O Governo Bolsonaro acumulou mais um atrito com os ve\u00edculos de comunica\u00e7\u00e3o do Pa\u00eds. Agora foi a vez do ministro da Sa\u00fade, Marcelo Queiroga, acusar setores da imprensa de &#8220;motivar a disc\u00f3rdia&#8221; durante a pandemia de Covid-19 no Brasil, e na sequ\u00eancia pedir para que empres\u00e1rios n\u00e3o paguem mais publicidades para as empresas jornal\u00edsticas. &#8220;Seria bom que voc\u00eas, da iniciativa privada e que fazem publicidade nesse tipo de comunica\u00e7\u00e3o, repensassem essas estrat\u00e9gias&#8221;, disse Queiroga durante evento da Federa\u00e7\u00e3o das&hellip;<\/p>\n","protected":false},"author":1,"featured_media":21095,"comment_status":"open","ping_status":"open","sticky":false,"template":"","format":"standard","meta":{"footnotes":""},"categories":[1],"tags":[],"class_list":["post-21094","post","type-post","status-publish","format-standard","has-post-thumbnail","hentry","category-noticias"],"_links":{"self":[{"href":"https:\/\/blogdorogeriogomes.com.br\/noticias\/wp-json\/wp\/v2\/posts\/21094","targetHints":{"allow":["GET"]}}],"collection":[{"href":"https:\/\/blogdorogeriogomes.com.br\/noticias\/wp-json\/wp\/v2\/posts"}],"about":[{"href":"https:\/\/blogdorogeriogomes.com.br\/noticias\/wp-json\/wp\/v2\/types\/post"}],"author":[{"embeddable":true,"href":"https:\/\/blogdorogeriogomes.com.br\/noticias\/wp-json\/wp\/v2\/users\/1"}],"replies":[{"embeddable":true,"href":"https:\/\/blogdorogeriogomes.com.br\/noticias\/wp-json\/wp\/v2\/comments?post=21094"}],"version-history":[{"count":1,"href":"https:\/\/blogdorogeriogomes.com.br\/noticias\/wp-json\/wp\/v2\/posts\/21094\/revisions"}],"predecessor-version":[{"id":21096,"href":"https:\/\/blogdorogeriogomes.com.br\/noticias\/wp-json\/wp\/v2\/posts\/21094\/revisions\/21096"}],"wp:featuredmedia":[{"embeddable":true,"href":"https:\/\/blogdorogeriogomes.com.br\/noticias\/wp-json\/wp\/v2\/media\/21095"}],"wp:attachment":[{"href":"https:\/\/blogdorogeriogomes.com.br\/noticias\/wp-json\/wp\/v2\/media?parent=21094"}],"wp:term":[{"taxonomy":"category","embeddable":true,"href":"https:\/\/blogdorogeriogomes.com.br\/noticias\/wp-json\/wp\/v2\/categories?post=21094"},{"taxonomy":"post_tag","embeddable":true,"href":"https:\/\/blogdorogeriogomes.com.br\/noticias\/wp-json\/wp\/v2\/tags?post=21094"}],"curies":[{"name":"wp","href":"https:\/\/api.w.org\/{rel}","templated":true}]}}