{"id":21097,"date":"2021-05-04T18:27:14","date_gmt":"2021-05-04T18:27:14","guid":{"rendered":"https:\/\/blogdorogeriogomes.com.br\/?p=21097"},"modified":"2021-05-04T18:27:16","modified_gmt":"2021-05-04T18:27:16","slug":"cpi-da-covid-mandetta-diz-que-seguiu-a-ciencia-e-teve-suas-recomendacoes-sanitarias-ignoradas-por-bolsonaro","status":"publish","type":"post","link":"https:\/\/blogdorogeriogomes.com.br\/noticias\/2021\/05\/cpi-da-covid-mandetta-diz-que-seguiu-a-ciencia-e-teve-suas-recomendacoes-sanitarias-ignoradas-por-bolsonaro\/","title":{"rendered":"CPI da Covid: Mandetta diz que seguiu a ci\u00eancia e teve suas recomenda\u00e7\u00f5es sanit\u00e1rias ignoradas por Bolsonaro"},"content":{"rendered":"\n<p>O ex-ministro da Sa\u00fade, Luiz Henrique Mandetta, dep\u00f4s nesta ter\u00e7a-feira, dia 4 de maio, na CPI da Covid realizada no Senado Federal para investigar a\u00e7\u00f5es e omiss\u00f5es do governo Bolsonaro na gest\u00e3o de crise sanit\u00e1ria decorrente da pandemia no Brasil. Primeiro a ser interrogado pelos parlamentares na comiss\u00e3o, Mandetta afirmou que foi rejeitado pelo presidente Jair Bolsonaro por seguir orienta\u00e7\u00f5es com base na ci\u00eancia e nas determina\u00e7\u00f5es das autoridades de Sa\u00fade.<\/p>\n\n\n\n<p>O senador cearense Tasso Jereissati (PSDB) perguntou sobre qual teria sido a argumenta\u00e7\u00e3o de Bolsonaro para rebater as medidas de isolamento social defendidas por Mandetta ao longo de sua passagem pelo Minist\u00e9rio da Sa\u00fade. O ex-ministro afirmou que alertou por diversas vezes o presidente sobre a necessidade de tomar medidas r\u00edgidas contra a dissemina\u00e7\u00e3o do cont\u00e1gio do coronav\u00edrus, sob o risco das unidades hospitalares sofrerem colapso em todo o territ\u00f3rio nacional.<\/p>\n\n\n\n<p>&#8220;N\u00f3s t\u00ednhamos uma caminhada com as orienta\u00e7\u00f5es de institui\u00e7\u00f5es hist\u00f3ricas da \u00e1rea da Sa\u00fade. As evid\u00eancias cient\u00edficas t\u00eam que ser a base para a tomada de decis\u00f5es. Eu alertei ao presidente Bolsonaro (sobre a import\u00e2ncia de seguir as recomenda\u00e7\u00f5es cient\u00edficas pelo isolamento social). Ele tinha outras pessoas que diziam o contr\u00e1rio, que eu estava errado. Foi uma decis\u00e3o dele. Eu sentia que era, para o presidente, o mensageiro das m\u00e1s not\u00edcias&#8221;, respondeu.<\/p>\n\n\n\n<p>Mandetta tamb\u00e9m revelou que ele se op\u00f4s ao uso de cloroquina, e qualquer outro medicamento sem efic\u00e1cia comprovada, em tratamento preventivo contra o coronav\u00edrus. Contudo, ele afirmou que o presidente chegou a colocar sob a mesa &#8220;um papel n\u00e3o timbrado de um decreto presidencial para que fosse sugerido que se mudasse a bula da cloroquina na Anvisa&#8221;.<\/p>\n\n\n\n<p>Sobre as vacinas, o ex-titular do Minist\u00e9rio garantiu que, durante sua passagem no cargo, n\u00e3o houve oferta concreta de doses de imunizantes contra a Covid-19, caso contr\u00e1rio &#8220;teria ido atr\u00e1s como um prato de comida&#8221;. Mandetta aproveitou as respostas para destacar a import\u00e2ncia do Sistema \u00danico de Sa\u00fade (SUS) no atendimento da popula\u00e7\u00e3o neste grave cen\u00e1rio de casos do v\u00edrus no Pa\u00eds.<\/p>\n\n\n\n<figure class=\"wp-block-image size-large\"><img loading=\"lazy\" decoding=\"async\" width=\"640\" height=\"427\" src=\"https:\/\/blogdorogeriogomes.com.br\/wp-content\/uploads\/2021\/05\/images-90.jpeg\" alt=\"\" class=\"wp-image-21098\" srcset=\"https:\/\/blogdorogeriogomes.com.br\/noticias\/wp-content\/uploads\/2021\/05\/images-90.jpeg 640w, https:\/\/blogdorogeriogomes.com.br\/noticias\/wp-content\/uploads\/2021\/05\/images-90-300x200.jpeg 300w\" sizes=\"auto, (max-width: 640px) 100vw, 640px\" \/><\/figure>\n","protected":false},"excerpt":{"rendered":"<p>O ex-ministro da Sa\u00fade, Luiz Henrique Mandetta, dep\u00f4s nesta ter\u00e7a-feira, dia 4 de maio, na CPI da Covid realizada no Senado Federal para investigar a\u00e7\u00f5es e omiss\u00f5es do governo Bolsonaro na gest\u00e3o de crise sanit\u00e1ria decorrente da pandemia no Brasil. Primeiro a ser interrogado pelos parlamentares na comiss\u00e3o, Mandetta afirmou que foi rejeitado pelo presidente Jair Bolsonaro por seguir orienta\u00e7\u00f5es com base na ci\u00eancia e nas determina\u00e7\u00f5es das autoridades de Sa\u00fade. O senador cearense Tasso Jereissati (PSDB) perguntou sobre&hellip;<\/p>\n","protected":false},"author":1,"featured_media":0,"comment_status":"open","ping_status":"open","sticky":false,"template":"","format":"standard","meta":{"footnotes":""},"categories":[1],"tags":[],"class_list":["post-21097","post","type-post","status-publish","format-standard","hentry","category-noticias"],"_links":{"self":[{"href":"https:\/\/blogdorogeriogomes.com.br\/noticias\/wp-json\/wp\/v2\/posts\/21097","targetHints":{"allow":["GET"]}}],"collection":[{"href":"https:\/\/blogdorogeriogomes.com.br\/noticias\/wp-json\/wp\/v2\/posts"}],"about":[{"href":"https:\/\/blogdorogeriogomes.com.br\/noticias\/wp-json\/wp\/v2\/types\/post"}],"author":[{"embeddable":true,"href":"https:\/\/blogdorogeriogomes.com.br\/noticias\/wp-json\/wp\/v2\/users\/1"}],"replies":[{"embeddable":true,"href":"https:\/\/blogdorogeriogomes.com.br\/noticias\/wp-json\/wp\/v2\/comments?post=21097"}],"version-history":[{"count":1,"href":"https:\/\/blogdorogeriogomes.com.br\/noticias\/wp-json\/wp\/v2\/posts\/21097\/revisions"}],"predecessor-version":[{"id":21099,"href":"https:\/\/blogdorogeriogomes.com.br\/noticias\/wp-json\/wp\/v2\/posts\/21097\/revisions\/21099"}],"wp:attachment":[{"href":"https:\/\/blogdorogeriogomes.com.br\/noticias\/wp-json\/wp\/v2\/media?parent=21097"}],"wp:term":[{"taxonomy":"category","embeddable":true,"href":"https:\/\/blogdorogeriogomes.com.br\/noticias\/wp-json\/wp\/v2\/categories?post=21097"},{"taxonomy":"post_tag","embeddable":true,"href":"https:\/\/blogdorogeriogomes.com.br\/noticias\/wp-json\/wp\/v2\/tags?post=21097"}],"curies":[{"name":"wp","href":"https:\/\/api.w.org\/{rel}","templated":true}]}}