{"id":21100,"date":"2021-05-04T20:18:59","date_gmt":"2021-05-04T20:18:59","guid":{"rendered":"https:\/\/blogdorogeriogomes.com.br\/?p=21100"},"modified":"2021-05-09T14:55:11","modified_gmt":"2021-05-09T14:55:11","slug":"pazuello-alega-quarentena-para-fugir-de-depoimento-cpi-remarca-para-o-dia-19-teich-sera-ouvido-nesta-quarta-feira","status":"publish","type":"post","link":"https:\/\/blogdorogeriogomes.com.br\/noticias\/2021\/05\/pazuello-alega-quarentena-para-fugir-de-depoimento-cpi-remarca-para-o-dia-19-teich-sera-ouvido-nesta-quarta-feira\/","title":{"rendered":"Pazuello alega quarentena para fugir de depoimento. CPI remarca para o dia 19. Teich ser\u00e1 ouvido nesta quarta-feira"},"content":{"rendered":"\n<p>Sob alegativa de ter tido contato com dois assessores diagnosticados com Covid-19, o ex-ministro Eduardo Pazuello avisou \u00e0 CPI da Covid do Senado Federal que n\u00e3o poderia depor nesta quarta-feira, dia 5 de maio. Governistas se movimentaram para tentar transferir o depoimento para a forma remota, o que n\u00e3o foi permitido pela c\u00fapula da CPI. O depoimento de Pazuello foi remarcado de forma presencial para o dia 19 de maio.<\/p>\n\n\n\n<p>Enquanto ministro, Eduardo Pazuello cansou de acompanhar o presidente Jair Bolsonaro em eventos sem o uso de m\u00e1scaras. Recentemente, foi flagrado em passeio por um shopping de Manias, tamb\u00e9m sem a utiliza\u00e7\u00e3o do acess\u00f3rio de prote\u00e7\u00e3o.<\/p>\n\n\n\n<p>O ex-ministro da Sa\u00fade, Nelson Teich, que seria ouvido na tarde desta ter\u00e7a-feira, teve a oitiva transferida para esta quarta-feira, dia 5. O motivo foi o fato do depoimento do tamb\u00e9m ex-ministro Luiz Mandetta ter se estendido at\u00e9 o fim da tarde.<\/p>\n\n\n\n<figure class=\"wp-block-image size-large\"><img loading=\"lazy\" decoding=\"async\" width=\"672\" height=\"456\" src=\"https:\/\/blogdorogeriogomes.com.br\/wp-content\/uploads\/2021\/05\/images-91.jpeg\" alt=\"\" class=\"wp-image-21101\" srcset=\"https:\/\/blogdorogeriogomes.com.br\/noticias\/wp-content\/uploads\/2021\/05\/images-91.jpeg 672w, https:\/\/blogdorogeriogomes.com.br\/noticias\/wp-content\/uploads\/2021\/05\/images-91-300x204.jpeg 300w\" sizes=\"auto, (max-width: 672px) 100vw, 672px\" \/><\/figure>\n","protected":false},"excerpt":{"rendered":"<p>Sob alegativa de ter tido contato com dois assessores diagnosticados com Covid-19, o ex-ministro Eduardo Pazuello avisou \u00e0 CPI da Covid do Senado Federal que n\u00e3o poderia depor nesta quarta-feira, dia 5 de maio. Governistas se movimentaram para tentar transferir o depoimento para a forma remota, o que n\u00e3o foi permitido pela c\u00fapula da CPI. O depoimento de Pazuello foi remarcado de forma presencial para o dia 19 de maio. Enquanto ministro, Eduardo Pazuello cansou de acompanhar o presidente&hellip;<\/p>\n","protected":false},"author":1,"featured_media":21101,"comment_status":"open","ping_status":"open","sticky":false,"template":"","format":"standard","meta":{"footnotes":""},"categories":[1],"tags":[],"class_list":["post-21100","post","type-post","status-publish","format-standard","has-post-thumbnail","hentry","category-noticias"],"_links":{"self":[{"href":"https:\/\/blogdorogeriogomes.com.br\/noticias\/wp-json\/wp\/v2\/posts\/21100","targetHints":{"allow":["GET"]}}],"collection":[{"href":"https:\/\/blogdorogeriogomes.com.br\/noticias\/wp-json\/wp\/v2\/posts"}],"about":[{"href":"https:\/\/blogdorogeriogomes.com.br\/noticias\/wp-json\/wp\/v2\/types\/post"}],"author":[{"embeddable":true,"href":"https:\/\/blogdorogeriogomes.com.br\/noticias\/wp-json\/wp\/v2\/users\/1"}],"replies":[{"embeddable":true,"href":"https:\/\/blogdorogeriogomes.com.br\/noticias\/wp-json\/wp\/v2\/comments?post=21100"}],"version-history":[{"count":1,"href":"https:\/\/blogdorogeriogomes.com.br\/noticias\/wp-json\/wp\/v2\/posts\/21100\/revisions"}],"predecessor-version":[{"id":21102,"href":"https:\/\/blogdorogeriogomes.com.br\/noticias\/wp-json\/wp\/v2\/posts\/21100\/revisions\/21102"}],"wp:featuredmedia":[{"embeddable":true,"href":"https:\/\/blogdorogeriogomes.com.br\/noticias\/wp-json\/wp\/v2\/media\/21101"}],"wp:attachment":[{"href":"https:\/\/blogdorogeriogomes.com.br\/noticias\/wp-json\/wp\/v2\/media?parent=21100"}],"wp:term":[{"taxonomy":"category","embeddable":true,"href":"https:\/\/blogdorogeriogomes.com.br\/noticias\/wp-json\/wp\/v2\/categories?post=21100"},{"taxonomy":"post_tag","embeddable":true,"href":"https:\/\/blogdorogeriogomes.com.br\/noticias\/wp-json\/wp\/v2\/tags?post=21100"}],"curies":[{"name":"wp","href":"https:\/\/api.w.org\/{rel}","templated":true}]}}