{"id":21106,"date":"2021-05-05T10:35:33","date_gmt":"2021-05-05T10:35:33","guid":{"rendered":"https:\/\/blogdorogeriogomes.com.br\/?p=21106"},"modified":"2021-05-09T14:54:52","modified_gmt":"2021-05-09T14:54:52","slug":"fortaleza-inicia-a-vacinacao-da-terceira-fase-de-pessoas-com-cormobidades-nesta-quarta-feira","status":"publish","type":"post","link":"https:\/\/blogdorogeriogomes.com.br\/noticias\/2021\/05\/fortaleza-inicia-a-vacinacao-da-terceira-fase-de-pessoas-com-cormobidades-nesta-quarta-feira\/","title":{"rendered":"Fortaleza inicia a vacina\u00e7\u00e3o da terceira fase de pessoas com cormobidades nesta quarta-feira"},"content":{"rendered":"\n<p>Com a chegada das primeiras doses da vacina Pfizer, Fortaleza inicia a terceira fase de vacina\u00e7\u00e3o de pessoas com cormobidades contra a Covid-19, nesta quarta-feira, dia 5 de maio. O local da imuniza\u00e7\u00e3o \u00e9 o Centro de Eventos do Cear\u00e1. Ser\u00e3o vacinados os seguintes grupos: Gestantes e pu\u00e9rperas com comorbidades que possuem entre 18 e 59 anos;pessoas com S\u00edndrome de Down que possuem entre 18 e 59 anos; pessoas com doen\u00e7a renal cr\u00f4nica em terapia de substitui\u00e7\u00e3o renal (di\u00e1lise) que possuem entre 18 e 59 anos: pessoas entre 55 e 59 anos com comorbidades, seguindo a sequ\u00eancia definida na Comiss\u00e3o Intergestores Bipartite N\u00b040 (CIB\/CE)- cardiopatia, diabetes, obesidade IMC&gt;40, doen\u00e7a neurol\u00f3gica, pneumopatias, doen\u00e7a renal cr\u00f4nica; imunodefici\u00eancia e outras; pessoas entre 55 a 59 anos com defici\u00eancia permanente cadastradas no programa de benef\u00edcio de presta\u00e7\u00e3o continuada (BPC).<\/p>\n\n\n\n<p>As pessoas agendadas para receber o imunobiol\u00f3gico devem levar atestado, prescri\u00e7\u00e3o ou relat\u00f3rio m\u00e9dico para comprovar que fazem parte do grupo priorit\u00e1rio.&nbsp;A Secretaria Municipal de Sa\u00fade lembra que tamb\u00e9m ser\u00e1 exigida identifica\u00e7\u00e3o original com foto, CPF e comprovante de endere\u00e7o<\/p>\n\n\n\n<p>Os grupos priorit\u00e1rios inclu\u00eddos na terceira fase de vacina\u00e7\u00e3o contra a Covid-19 ser\u00e3o imunizados de forma simult\u00e2nea.&nbsp;O Brasil j\u00e1 vacinou 15,53% da popula\u00e7\u00e3o at\u00e9 esta ter\u00e7a-feira, dia 4.<\/p>\n\n\n\n<figure class=\"wp-block-image size-large\"><img loading=\"lazy\" decoding=\"async\" width=\"984\" height=\"656\" src=\"https:\/\/blogdorogeriogomes.com.br\/wp-content\/uploads\/2021\/05\/vacinacao-fortaleza-centro-de-eventos-4.jpg\" alt=\"\" class=\"wp-image-21107\" srcset=\"https:\/\/blogdorogeriogomes.com.br\/noticias\/wp-content\/uploads\/2021\/05\/vacinacao-fortaleza-centro-de-eventos-4.jpg 984w, https:\/\/blogdorogeriogomes.com.br\/noticias\/wp-content\/uploads\/2021\/05\/vacinacao-fortaleza-centro-de-eventos-4-300x200.jpg 300w, https:\/\/blogdorogeriogomes.com.br\/noticias\/wp-content\/uploads\/2021\/05\/vacinacao-fortaleza-centro-de-eventos-4-768x512.jpg 768w, https:\/\/blogdorogeriogomes.com.br\/noticias\/wp-content\/uploads\/2021\/05\/vacinacao-fortaleza-centro-de-eventos-4-800x533.jpg 800w\" sizes=\"auto, (max-width: 984px) 100vw, 984px\" \/><\/figure>\n","protected":false},"excerpt":{"rendered":"<p>Com a chegada das primeiras doses da vacina Pfizer, Fortaleza inicia a terceira fase de vacina\u00e7\u00e3o de pessoas com cormobidades contra a Covid-19, nesta quarta-feira, dia 5 de maio. O local da imuniza\u00e7\u00e3o \u00e9 o Centro de Eventos do Cear\u00e1. Ser\u00e3o vacinados os seguintes grupos: Gestantes e pu\u00e9rperas com comorbidades que possuem entre 18 e 59 anos;pessoas com S\u00edndrome de Down que possuem entre 18 e 59 anos; pessoas com doen\u00e7a renal cr\u00f4nica em terapia de substitui\u00e7\u00e3o renal (di\u00e1lise)&hellip;<\/p>\n","protected":false},"author":1,"featured_media":21107,"comment_status":"open","ping_status":"open","sticky":false,"template":"","format":"standard","meta":{"footnotes":""},"categories":[1],"tags":[],"class_list":["post-21106","post","type-post","status-publish","format-standard","has-post-thumbnail","hentry","category-noticias"],"_links":{"self":[{"href":"https:\/\/blogdorogeriogomes.com.br\/noticias\/wp-json\/wp\/v2\/posts\/21106","targetHints":{"allow":["GET"]}}],"collection":[{"href":"https:\/\/blogdorogeriogomes.com.br\/noticias\/wp-json\/wp\/v2\/posts"}],"about":[{"href":"https:\/\/blogdorogeriogomes.com.br\/noticias\/wp-json\/wp\/v2\/types\/post"}],"author":[{"embeddable":true,"href":"https:\/\/blogdorogeriogomes.com.br\/noticias\/wp-json\/wp\/v2\/users\/1"}],"replies":[{"embeddable":true,"href":"https:\/\/blogdorogeriogomes.com.br\/noticias\/wp-json\/wp\/v2\/comments?post=21106"}],"version-history":[{"count":2,"href":"https:\/\/blogdorogeriogomes.com.br\/noticias\/wp-json\/wp\/v2\/posts\/21106\/revisions"}],"predecessor-version":[{"id":21159,"href":"https:\/\/blogdorogeriogomes.com.br\/noticias\/wp-json\/wp\/v2\/posts\/21106\/revisions\/21159"}],"wp:featuredmedia":[{"embeddable":true,"href":"https:\/\/blogdorogeriogomes.com.br\/noticias\/wp-json\/wp\/v2\/media\/21107"}],"wp:attachment":[{"href":"https:\/\/blogdorogeriogomes.com.br\/noticias\/wp-json\/wp\/v2\/media?parent=21106"}],"wp:term":[{"taxonomy":"category","embeddable":true,"href":"https:\/\/blogdorogeriogomes.com.br\/noticias\/wp-json\/wp\/v2\/categories?post=21106"},{"taxonomy":"post_tag","embeddable":true,"href":"https:\/\/blogdorogeriogomes.com.br\/noticias\/wp-json\/wp\/v2\/tags?post=21106"}],"curies":[{"name":"wp","href":"https:\/\/api.w.org\/{rel}","templated":true}]}}