{"id":21110,"date":"2021-05-05T10:53:27","date_gmt":"2021-05-05T10:53:27","guid":{"rendered":"https:\/\/blogdorogeriogomes.com.br\/?p=21110"},"modified":"2021-05-09T14:54:43","modified_gmt":"2021-05-09T14:54:43","slug":"aposentados-e-pensionistas-vao-receber-o-13-salario-de-2021-em-duas-parcelas-maio-e-junho","status":"publish","type":"post","link":"https:\/\/blogdorogeriogomes.com.br\/noticias\/2021\/05\/aposentados-e-pensionistas-vao-receber-o-13-salario-de-2021-em-duas-parcelas-maio-e-junho\/","title":{"rendered":"Aposentados e pensionistas v\u00e3o receber o 13\u00b0 sal\u00e1rio de 2021 em duas parcelas: maio e junho"},"content":{"rendered":"\n<p>A antecipa\u00e7\u00e3o do 13\u00b0 sal\u00e1rio est\u00e1 confirmada para aposentados e pensionistas do INSS em 2021. A primeira parcela ser\u00e1 paga entre os dias 25 deste m\u00eas e 8 de junho e a segunda, entre 24 de junho e 7 de julho. A primeira parcela correspondente a 50% do benef\u00edcio e ocorrer\u00e1 no m\u00eas de maio. J\u00e1 a segunda parcela ser\u00e1 paga em junho pelo Governo Federal.<\/p>\n\n\n\n<p>Segundo o Minist\u00e9rio da Economia, a medida tem por objetivo incrementar a renda dos benefici\u00e1rios que fazem jus ao abono, injetando R$ 52,7 bilh\u00f5es na economia do pa\u00eds e favorecendo o processo de recupera\u00e7\u00e3o econ\u00f4mica ap\u00f3s o impacto da pandemia do novo coronav\u00edrus.<\/p>\n\n\n\n<figure class=\"wp-block-image size-large\"><img loading=\"lazy\" decoding=\"async\" width=\"604\" height=\"400\" src=\"https:\/\/blogdorogeriogomes.com.br\/wp-content\/uploads\/2021\/05\/images-92.jpeg\" alt=\"\" class=\"wp-image-21111\" srcset=\"https:\/\/blogdorogeriogomes.com.br\/noticias\/wp-content\/uploads\/2021\/05\/images-92.jpeg 604w, https:\/\/blogdorogeriogomes.com.br\/noticias\/wp-content\/uploads\/2021\/05\/images-92-300x199.jpeg 300w\" sizes=\"auto, (max-width: 604px) 100vw, 604px\" \/><\/figure>\n","protected":false},"excerpt":{"rendered":"<p>A antecipa\u00e7\u00e3o do 13\u00b0 sal\u00e1rio est\u00e1 confirmada para aposentados e pensionistas do INSS em 2021. A primeira parcela ser\u00e1 paga entre os dias 25 deste m\u00eas e 8 de junho e a segunda, entre 24 de junho e 7 de julho. A primeira parcela correspondente a 50% do benef\u00edcio e ocorrer\u00e1 no m\u00eas de maio. J\u00e1 a segunda parcela ser\u00e1 paga em junho pelo Governo Federal. Segundo o Minist\u00e9rio da Economia, a medida tem por objetivo incrementar a renda&hellip;<\/p>\n","protected":false},"author":1,"featured_media":21111,"comment_status":"open","ping_status":"open","sticky":false,"template":"","format":"standard","meta":{"footnotes":""},"categories":[1],"tags":[],"class_list":["post-21110","post","type-post","status-publish","format-standard","has-post-thumbnail","hentry","category-noticias"],"_links":{"self":[{"href":"https:\/\/blogdorogeriogomes.com.br\/noticias\/wp-json\/wp\/v2\/posts\/21110","targetHints":{"allow":["GET"]}}],"collection":[{"href":"https:\/\/blogdorogeriogomes.com.br\/noticias\/wp-json\/wp\/v2\/posts"}],"about":[{"href":"https:\/\/blogdorogeriogomes.com.br\/noticias\/wp-json\/wp\/v2\/types\/post"}],"author":[{"embeddable":true,"href":"https:\/\/blogdorogeriogomes.com.br\/noticias\/wp-json\/wp\/v2\/users\/1"}],"replies":[{"embeddable":true,"href":"https:\/\/blogdorogeriogomes.com.br\/noticias\/wp-json\/wp\/v2\/comments?post=21110"}],"version-history":[{"count":1,"href":"https:\/\/blogdorogeriogomes.com.br\/noticias\/wp-json\/wp\/v2\/posts\/21110\/revisions"}],"predecessor-version":[{"id":21112,"href":"https:\/\/blogdorogeriogomes.com.br\/noticias\/wp-json\/wp\/v2\/posts\/21110\/revisions\/21112"}],"wp:featuredmedia":[{"embeddable":true,"href":"https:\/\/blogdorogeriogomes.com.br\/noticias\/wp-json\/wp\/v2\/media\/21111"}],"wp:attachment":[{"href":"https:\/\/blogdorogeriogomes.com.br\/noticias\/wp-json\/wp\/v2\/media?parent=21110"}],"wp:term":[{"taxonomy":"category","embeddable":true,"href":"https:\/\/blogdorogeriogomes.com.br\/noticias\/wp-json\/wp\/v2\/categories?post=21110"},{"taxonomy":"post_tag","embeddable":true,"href":"https:\/\/blogdorogeriogomes.com.br\/noticias\/wp-json\/wp\/v2\/tags?post=21110"}],"curies":[{"name":"wp","href":"https:\/\/api.w.org\/{rel}","templated":true}]}}