{"id":21114,"date":"2021-05-05T18:10:57","date_gmt":"2021-05-05T18:10:57","guid":{"rendered":"https:\/\/blogdorogeriogomes.com.br\/?p=21114"},"modified":"2021-05-09T14:54:35","modified_gmt":"2021-05-09T14:54:35","slug":"nelson-teich-revela-que-pediu-demissao-do-ministerio-da-saude-por-nao-concordar-com-indicacao-de-cloroquina","status":"publish","type":"post","link":"https:\/\/blogdorogeriogomes.com.br\/noticias\/2021\/05\/nelson-teich-revela-que-pediu-demissao-do-ministerio-da-saude-por-nao-concordar-com-indicacao-de-cloroquina\/","title":{"rendered":"Nelson Teich revela que pediu demiss\u00e3o do Minist\u00e9rio da Sa\u00fade por n\u00e3o concordar com indica\u00e7\u00e3o de cloroquina"},"content":{"rendered":"\n<p>A CPI da Covid-19 no Senado Federal deu seguimento, nesta quarta-feira, dia 5 de maio, aos depoimentos de ex-ministros da Sa\u00fade, no intuito de investigar a\u00e7\u00f5es e omiss\u00f5es do Governo Bolsonaro \u00e0 frente da gest\u00e3o da pandemia no Pa\u00eds. Interrogado da vez, o m\u00e9dico Nelson Teich afirmou que ficou apenas 28 dias na pasta por &#8220;n\u00e3o ter autonomia&#8221; e discordar da indica\u00e7\u00e3o do uso de cloroquina defendido pelo presidente e sua base apoiadora no Planalto.<\/p>\n\n\n\n<p>Teich argumentou que n\u00e3o poderia bancar a promo\u00e7\u00e3o da cloroquina como parte do tratamento da Covid-19 por falta de efic\u00e1cia comprovada cientificamente. Contudo, disse ter sido pressionado por declara\u00e7\u00f5es de Jair Bolsonaro a estimular o uso do medicamento pela popula\u00e7\u00e3o.<\/p>\n\n\n\n<p>O ex-ministro destacou que, durante sua passagem pela Sa\u00fade, abordou junto \u00e0 presid\u00eancia a pauta das vacinas e falou que deveria ter havido uma &#8220;estrat\u00e9gia mais focada&#8221; na aquisi\u00e7\u00e3o dos imunizantes. &#8220;Eu trouxe o estudo da AstraZeneca para o estudo ser realizada no Pa\u00eds, para o Brasil ser um dos bra\u00e7os do estudo, na exp\u00f4s.<\/p>\n\n\n\n<p>Sobre o seu substituto no cargo, o general Eduardo Pazuello, Teich afirmou que essa foi uma indica\u00e7\u00e3o do presidente, sem que houvesse uma decis\u00e3o t\u00e9cnica. &#8220;Na posi\u00e7\u00e3o de ministro, eu acho que seria mais adequado um conhecimento maior sobre gest\u00e3o em sa\u00fade&#8221;.<\/p>\n\n\n\n<figure class=\"wp-block-image size-large\"><img loading=\"lazy\" decoding=\"async\" width=\"678\" height=\"452\" src=\"https:\/\/blogdorogeriogomes.com.br\/wp-content\/uploads\/2021\/05\/images-93.jpeg\" alt=\"\" class=\"wp-image-21115\" srcset=\"https:\/\/blogdorogeriogomes.com.br\/noticias\/wp-content\/uploads\/2021\/05\/images-93.jpeg 678w, https:\/\/blogdorogeriogomes.com.br\/noticias\/wp-content\/uploads\/2021\/05\/images-93-300x200.jpeg 300w\" sizes=\"auto, (max-width: 678px) 100vw, 678px\" \/><\/figure>\n","protected":false},"excerpt":{"rendered":"<p>A CPI da Covid-19 no Senado Federal deu seguimento, nesta quarta-feira, dia 5 de maio, aos depoimentos de ex-ministros da Sa\u00fade, no intuito de investigar a\u00e7\u00f5es e omiss\u00f5es do Governo Bolsonaro \u00e0 frente da gest\u00e3o da pandemia no Pa\u00eds. Interrogado da vez, o m\u00e9dico Nelson Teich afirmou que ficou apenas 28 dias na pasta por &#8220;n\u00e3o ter autonomia&#8221; e discordar da indica\u00e7\u00e3o do uso de cloroquina defendido pelo presidente e sua base apoiadora no Planalto. Teich argumentou que n\u00e3o&hellip;<\/p>\n","protected":false},"author":1,"featured_media":21115,"comment_status":"open","ping_status":"open","sticky":false,"template":"","format":"standard","meta":{"footnotes":""},"categories":[1],"tags":[],"class_list":["post-21114","post","type-post","status-publish","format-standard","has-post-thumbnail","hentry","category-noticias"],"_links":{"self":[{"href":"https:\/\/blogdorogeriogomes.com.br\/noticias\/wp-json\/wp\/v2\/posts\/21114","targetHints":{"allow":["GET"]}}],"collection":[{"href":"https:\/\/blogdorogeriogomes.com.br\/noticias\/wp-json\/wp\/v2\/posts"}],"about":[{"href":"https:\/\/blogdorogeriogomes.com.br\/noticias\/wp-json\/wp\/v2\/types\/post"}],"author":[{"embeddable":true,"href":"https:\/\/blogdorogeriogomes.com.br\/noticias\/wp-json\/wp\/v2\/users\/1"}],"replies":[{"embeddable":true,"href":"https:\/\/blogdorogeriogomes.com.br\/noticias\/wp-json\/wp\/v2\/comments?post=21114"}],"version-history":[{"count":1,"href":"https:\/\/blogdorogeriogomes.com.br\/noticias\/wp-json\/wp\/v2\/posts\/21114\/revisions"}],"predecessor-version":[{"id":21116,"href":"https:\/\/blogdorogeriogomes.com.br\/noticias\/wp-json\/wp\/v2\/posts\/21114\/revisions\/21116"}],"wp:featuredmedia":[{"embeddable":true,"href":"https:\/\/blogdorogeriogomes.com.br\/noticias\/wp-json\/wp\/v2\/media\/21115"}],"wp:attachment":[{"href":"https:\/\/blogdorogeriogomes.com.br\/noticias\/wp-json\/wp\/v2\/media?parent=21114"}],"wp:term":[{"taxonomy":"category","embeddable":true,"href":"https:\/\/blogdorogeriogomes.com.br\/noticias\/wp-json\/wp\/v2\/categories?post=21114"},{"taxonomy":"post_tag","embeddable":true,"href":"https:\/\/blogdorogeriogomes.com.br\/noticias\/wp-json\/wp\/v2\/tags?post=21114"}],"curies":[{"name":"wp","href":"https:\/\/api.w.org\/{rel}","templated":true}]}}