{"id":21121,"date":"2021-05-05T23:26:06","date_gmt":"2021-05-05T23:26:06","guid":{"rendered":"https:\/\/blogdorogeriogomes.com.br\/?p=21121"},"modified":"2021-05-09T14:54:20","modified_gmt":"2021-05-09T14:54:20","slug":"tres-dias-de-chuvas-seguidos-animam-fortalezense-e-tambem-moradores-do-interior","status":"publish","type":"post","link":"https:\/\/blogdorogeriogomes.com.br\/noticias\/2021\/05\/tres-dias-de-chuvas-seguidos-animam-fortalezense-e-tambem-moradores-do-interior\/","title":{"rendered":"Tr\u00eas dias de chuvas seguidos animam fortalezense e tamb\u00e9m moradores do interior"},"content":{"rendered":"\n<p>Os tr\u00eas \u00faltimos dias foram de boas precipita\u00e7\u00f5es no Cear\u00e1. De acordo com a Funda\u00e7\u00e3o Cearense de Meteorologia e Recursos H\u00eddricos (Funceme), choveu em, pelo menos, 137 munic\u00edpios do estado do Cear\u00e1 nas \u00faltimas 24 horas. As maiores precipita\u00e7\u00f5es foram em Cascavel (100.2 mm), seguido por Miss\u00e3o Velha (81.2 mm), Alto Santo (81 mm) e Fortim (63 mm). Fortaleza registrou precipita\u00e7\u00e3o de 25.8 mm, com temperatura chegando a 21\u00b0, que veio a agradar o fortalezense j\u00e1 acostumado com o calor.<br>A previs\u00e3o para esta quinta-feira, dia 6 de maio, \u00e9 de c\u00e9u nublado ou parcialmente nublado com chuva na faixa litor\u00e2nea, no maci\u00e7o de Baturit\u00e9, na Ibiapaba e nas demais regi\u00f5es, eventos de chuva. J\u00e1 para sexta-feira, dia 7, a previs\u00e3o \u00e9 de nebulosidade vari\u00e1vel com chuva isolada em todas as regi\u00f5es. Portanto, as condi\u00e7\u00f5es permanecem favor\u00e1veis para ocorr\u00eancia de chuvas no Cear\u00e1.<\/p>\n\n\n\n<figure class=\"wp-block-image size-large\"><img loading=\"lazy\" decoding=\"async\" width=\"675\" height=\"450\" src=\"https:\/\/blogdorogeriogomes.com.br\/wp-content\/uploads\/2021\/05\/IMG-20210505-WA0143.jpg\" alt=\"\" class=\"wp-image-21122\" srcset=\"https:\/\/blogdorogeriogomes.com.br\/noticias\/wp-content\/uploads\/2021\/05\/IMG-20210505-WA0143.jpg 675w, https:\/\/blogdorogeriogomes.com.br\/noticias\/wp-content\/uploads\/2021\/05\/IMG-20210505-WA0143-300x200.jpg 300w\" sizes=\"auto, (max-width: 675px) 100vw, 675px\" \/><\/figure>\n","protected":false},"excerpt":{"rendered":"<p>Os tr\u00eas \u00faltimos dias foram de boas precipita\u00e7\u00f5es no Cear\u00e1. De acordo com a Funda\u00e7\u00e3o Cearense de Meteorologia e Recursos H\u00eddricos (Funceme), choveu em, pelo menos, 137 munic\u00edpios do estado do Cear\u00e1 nas \u00faltimas 24 horas. As maiores precipita\u00e7\u00f5es foram em Cascavel (100.2 mm), seguido por Miss\u00e3o Velha (81.2 mm), Alto Santo (81 mm) e Fortim (63 mm). Fortaleza registrou precipita\u00e7\u00e3o de 25.8 mm, com temperatura chegando a 21\u00b0, que veio a agradar o fortalezense j\u00e1 acostumado com o&hellip;<\/p>\n","protected":false},"author":1,"featured_media":21122,"comment_status":"open","ping_status":"open","sticky":false,"template":"","format":"standard","meta":{"footnotes":""},"categories":[1],"tags":[],"class_list":["post-21121","post","type-post","status-publish","format-standard","has-post-thumbnail","hentry","category-noticias"],"_links":{"self":[{"href":"https:\/\/blogdorogeriogomes.com.br\/noticias\/wp-json\/wp\/v2\/posts\/21121","targetHints":{"allow":["GET"]}}],"collection":[{"href":"https:\/\/blogdorogeriogomes.com.br\/noticias\/wp-json\/wp\/v2\/posts"}],"about":[{"href":"https:\/\/blogdorogeriogomes.com.br\/noticias\/wp-json\/wp\/v2\/types\/post"}],"author":[{"embeddable":true,"href":"https:\/\/blogdorogeriogomes.com.br\/noticias\/wp-json\/wp\/v2\/users\/1"}],"replies":[{"embeddable":true,"href":"https:\/\/blogdorogeriogomes.com.br\/noticias\/wp-json\/wp\/v2\/comments?post=21121"}],"version-history":[{"count":1,"href":"https:\/\/blogdorogeriogomes.com.br\/noticias\/wp-json\/wp\/v2\/posts\/21121\/revisions"}],"predecessor-version":[{"id":21123,"href":"https:\/\/blogdorogeriogomes.com.br\/noticias\/wp-json\/wp\/v2\/posts\/21121\/revisions\/21123"}],"wp:featuredmedia":[{"embeddable":true,"href":"https:\/\/blogdorogeriogomes.com.br\/noticias\/wp-json\/wp\/v2\/media\/21122"}],"wp:attachment":[{"href":"https:\/\/blogdorogeriogomes.com.br\/noticias\/wp-json\/wp\/v2\/media?parent=21121"}],"wp:term":[{"taxonomy":"category","embeddable":true,"href":"https:\/\/blogdorogeriogomes.com.br\/noticias\/wp-json\/wp\/v2\/categories?post=21121"},{"taxonomy":"post_tag","embeddable":true,"href":"https:\/\/blogdorogeriogomes.com.br\/noticias\/wp-json\/wp\/v2\/tags?post=21121"}],"curies":[{"name":"wp","href":"https:\/\/api.w.org\/{rel}","templated":true}]}}