{"id":21127,"date":"2021-05-06T10:36:16","date_gmt":"2021-05-06T10:36:16","guid":{"rendered":"https:\/\/blogdorogeriogomes.com.br\/?p=21127"},"modified":"2021-05-09T14:54:04","modified_gmt":"2021-05-09T14:54:04","slug":"lula-continua-reunioes-politicas-em-brasilia-e-encontra-o-presidente-do-senado-rodrigo-pacheco-nesta-quinta-feira","status":"publish","type":"post","link":"https:\/\/blogdorogeriogomes.com.br\/noticias\/2021\/05\/lula-continua-reunioes-politicas-em-brasilia-e-encontra-o-presidente-do-senado-rodrigo-pacheco-nesta-quinta-feira\/","title":{"rendered":"Lula continua reuni\u00f5es pol\u00edticas em Bras\u00edlia e encontra o presidente do Senado, Rodrigo Pacheco, nesta quinta-feira"},"content":{"rendered":"\n<p>Os encontros pol\u00edticos do ex-presidente Lula (PT) prosseguem nesta quinta-feira, dia 6 de maio, em Bras\u00edlia. Hoje ser\u00e1 a vez de se reunir com o presidente do Senado, Rodrigo Pacheco. A situa\u00e7\u00e3o pol\u00edtica do Pa\u00eds, a luta pelo aumento do aux\u00edlio emergencial para R$ 600 e as articula\u00e7\u00f5es pol\u00edticas para as elei\u00e7\u00f5es presidenciais em 2022 est\u00e3o entre os assuntos a serem tratados na reuni\u00e3o. Para esta sexta-feira, dia 7, est\u00e1 previsto um encontro de Lula com o ex-presidente Jos\u00e9 Sarney.<\/p>\n\n\n\n<p>Desde a \u00faltima segunda-feira, dia 3, Lula j\u00e1 se encontrou com lideran\u00e7as de v\u00e1rios partidos. Nesta quarta-feira, dia 5, as conversas foram com o ex-prefeito de S\u00e3o Paulo e presidente nacional do PSD, Gilberto Kassab, e com o ex-presidente da C\u00e2mara dos Deputados, Rodrigo Maia (DEM-RJ). Lula discutiu o cen\u00e1rio eleitoral no Rio de Janeiro e a proposta de uma frente ampla para derrotar o bolsonarismo no Estado, articula\u00e7\u00e3o que est\u00e1 costurando com os deputados Marcelo Freixo (PSOL-RJ) e Alessandro Molon (PSB-RJ).<\/p>\n\n\n\n<p>O ex-presidente j\u00e1 se reuniu tamb\u00e9m com o ex-presidente do Senado, Eun\u00edcio Oliveira (MDB-CE), senador Weverton Rocha (PDT-MA) e com o senador Fabiano Contarato (Rede), do Esp\u00edrito Santo. Nas tratativas tamb\u00e9m est\u00e3o alian\u00e7as pol\u00edticas nos estados para 2022. <\/p>\n\n\n\n<figure class=\"wp-block-image size-large\"><img loading=\"lazy\" decoding=\"async\" width=\"715\" height=\"429\" src=\"https:\/\/blogdorogeriogomes.com.br\/wp-content\/uploads\/2021\/05\/images-96.jpeg\" alt=\"\" class=\"wp-image-21128\" srcset=\"https:\/\/blogdorogeriogomes.com.br\/noticias\/wp-content\/uploads\/2021\/05\/images-96.jpeg 715w, https:\/\/blogdorogeriogomes.com.br\/noticias\/wp-content\/uploads\/2021\/05\/images-96-300x180.jpeg 300w\" sizes=\"auto, (max-width: 715px) 100vw, 715px\" \/><\/figure>\n\n\n\n<p><\/p>\n","protected":false},"excerpt":{"rendered":"<p>Os encontros pol\u00edticos do ex-presidente Lula (PT) prosseguem nesta quinta-feira, dia 6 de maio, em Bras\u00edlia. Hoje ser\u00e1 a vez de se reunir com o presidente do Senado, Rodrigo Pacheco. A situa\u00e7\u00e3o pol\u00edtica do Pa\u00eds, a luta pelo aumento do aux\u00edlio emergencial para R$ 600 e as articula\u00e7\u00f5es pol\u00edticas para as elei\u00e7\u00f5es presidenciais em 2022 est\u00e3o entre os assuntos a serem tratados na reuni\u00e3o. Para esta sexta-feira, dia 7, est\u00e1 previsto um encontro de Lula com o ex-presidente Jos\u00e9&hellip;<\/p>\n","protected":false},"author":1,"featured_media":21128,"comment_status":"open","ping_status":"open","sticky":false,"template":"","format":"standard","meta":{"footnotes":""},"categories":[1],"tags":[],"class_list":["post-21127","post","type-post","status-publish","format-standard","has-post-thumbnail","hentry","category-noticias"],"_links":{"self":[{"href":"https:\/\/blogdorogeriogomes.com.br\/noticias\/wp-json\/wp\/v2\/posts\/21127","targetHints":{"allow":["GET"]}}],"collection":[{"href":"https:\/\/blogdorogeriogomes.com.br\/noticias\/wp-json\/wp\/v2\/posts"}],"about":[{"href":"https:\/\/blogdorogeriogomes.com.br\/noticias\/wp-json\/wp\/v2\/types\/post"}],"author":[{"embeddable":true,"href":"https:\/\/blogdorogeriogomes.com.br\/noticias\/wp-json\/wp\/v2\/users\/1"}],"replies":[{"embeddable":true,"href":"https:\/\/blogdorogeriogomes.com.br\/noticias\/wp-json\/wp\/v2\/comments?post=21127"}],"version-history":[{"count":1,"href":"https:\/\/blogdorogeriogomes.com.br\/noticias\/wp-json\/wp\/v2\/posts\/21127\/revisions"}],"predecessor-version":[{"id":21129,"href":"https:\/\/blogdorogeriogomes.com.br\/noticias\/wp-json\/wp\/v2\/posts\/21127\/revisions\/21129"}],"wp:featuredmedia":[{"embeddable":true,"href":"https:\/\/blogdorogeriogomes.com.br\/noticias\/wp-json\/wp\/v2\/media\/21128"}],"wp:attachment":[{"href":"https:\/\/blogdorogeriogomes.com.br\/noticias\/wp-json\/wp\/v2\/media?parent=21127"}],"wp:term":[{"taxonomy":"category","embeddable":true,"href":"https:\/\/blogdorogeriogomes.com.br\/noticias\/wp-json\/wp\/v2\/categories?post=21127"},{"taxonomy":"post_tag","embeddable":true,"href":"https:\/\/blogdorogeriogomes.com.br\/noticias\/wp-json\/wp\/v2\/tags?post=21127"}],"curies":[{"name":"wp","href":"https:\/\/api.w.org\/{rel}","templated":true}]}}