{"id":21130,"date":"2021-05-06T15:39:04","date_gmt":"2021-05-06T15:39:04","guid":{"rendered":"https:\/\/blogdorogeriogomes.com.br\/?p=21130"},"modified":"2021-05-09T14:53:57","modified_gmt":"2021-05-09T14:53:57","slug":"mayra-pinheiro-confirma-ao-mpf-que-foi-responsavel-por-difusao-de-uso-de-cloroquina-contra-covid-19-em-manaus-e-deve-ser-convocada-para-depor-na-cpi","status":"publish","type":"post","link":"https:\/\/blogdorogeriogomes.com.br\/noticias\/2021\/05\/mayra-pinheiro-confirma-ao-mpf-que-foi-responsavel-por-difusao-de-uso-de-cloroquina-contra-covid-19-em-manaus-e-deve-ser-convocada-para-depor-na-cpi\/","title":{"rendered":"Mayra Pinheiro confirma ao MPF que foi respons\u00e1vel por difus\u00e3o de uso de cloroquina contra Covid-19 em Manaus e deve ser convocada para depor na CPI"},"content":{"rendered":"\n<p>A secret\u00e1ria de Gest\u00e3o do Trabalho do Minist\u00e9rio da Sa\u00fade, a m\u00e9dica cearense Mayra Pinheiro, confirmou que foi respons\u00e1vel pela forma\u00e7\u00e3o de uma comitiva de m\u00e9dicos focados na difus\u00e3o do uso de cloroquina, e outros medicamentos sem efic\u00e1cia comprovada, no tratamento da Covid-19 em Manaus. O depoimento foi dado ao Minist\u00e9rio P\u00fablico Federal do Amazonas e obtido pela reportagem do jornal O Globo. A partir do fato, o relator da CPI da Covid no Senado Federal, Renan Calheiros, j\u00e1 encaminhou requerimento para que Mayra Pinheiro preste depoimento \u00e0 comiss\u00e3o.<\/p>\n\n\n\n<p>A utiliza\u00e7\u00e3o indiscriminada dos rem\u00e9dios e as a\u00e7\u00f5es do Minist\u00e9rio da Sa\u00fade ligadas ao colapso dos hospitais em Manaus est\u00e3o sendo investigados na CPI da Covid, atualmente em curso no Senado Federal.<\/p>\n\n\n\n<p>Mayra responde por a\u00e7\u00e3o de improbidade administrativa movida pelo MPF devido \u00e0s recomenda\u00e7\u00f5es federais dadas ao estado amazonense durante o crescimento dos casos de coronav\u00edrus. Tamb\u00e9m s\u00e3o alvos neste caso o ex-ministro Eduardo Pazuello e o ex-secret\u00e1rio executivo da Sa\u00fade, \u00c9lcio Franco.<\/p>\n\n\n\n<figure class=\"wp-block-image size-large\"><img loading=\"lazy\" decoding=\"async\" width=\"1024\" height=\"492\" src=\"https:\/\/blogdorogeriogomes.com.br\/wp-content\/uploads\/2021\/05\/20210506120520_60528c23473cae5437f29c8f226c2f567134c4a99b9d301ed0ab22d4649ce06e-1024x492.jpg\" alt=\"\" class=\"wp-image-21131\" srcset=\"https:\/\/blogdorogeriogomes.com.br\/noticias\/wp-content\/uploads\/2021\/05\/20210506120520_60528c23473cae5437f29c8f226c2f567134c4a99b9d301ed0ab22d4649ce06e-1024x492.jpg 1024w, https:\/\/blogdorogeriogomes.com.br\/noticias\/wp-content\/uploads\/2021\/05\/20210506120520_60528c23473cae5437f29c8f226c2f567134c4a99b9d301ed0ab22d4649ce06e-300x144.jpg 300w, https:\/\/blogdorogeriogomes.com.br\/noticias\/wp-content\/uploads\/2021\/05\/20210506120520_60528c23473cae5437f29c8f226c2f567134c4a99b9d301ed0ab22d4649ce06e-768x369.jpg 768w, https:\/\/blogdorogeriogomes.com.br\/noticias\/wp-content\/uploads\/2021\/05\/20210506120520_60528c23473cae5437f29c8f226c2f567134c4a99b9d301ed0ab22d4649ce06e-800x384.jpg 800w, https:\/\/blogdorogeriogomes.com.br\/noticias\/wp-content\/uploads\/2021\/05\/20210506120520_60528c23473cae5437f29c8f226c2f567134c4a99b9d301ed0ab22d4649ce06e.jpg 1250w\" sizes=\"auto, (max-width: 1024px) 100vw, 1024px\" \/><\/figure>\n","protected":false},"excerpt":{"rendered":"<p>A secret\u00e1ria de Gest\u00e3o do Trabalho do Minist\u00e9rio da Sa\u00fade, a m\u00e9dica cearense Mayra Pinheiro, confirmou que foi respons\u00e1vel pela forma\u00e7\u00e3o de uma comitiva de m\u00e9dicos focados na difus\u00e3o do uso de cloroquina, e outros medicamentos sem efic\u00e1cia comprovada, no tratamento da Covid-19 em Manaus. O depoimento foi dado ao Minist\u00e9rio P\u00fablico Federal do Amazonas e obtido pela reportagem do jornal O Globo. A partir do fato, o relator da CPI da Covid no Senado Federal, Renan Calheiros, j\u00e1&hellip;<\/p>\n","protected":false},"author":1,"featured_media":21131,"comment_status":"open","ping_status":"open","sticky":false,"template":"","format":"standard","meta":{"footnotes":""},"categories":[1],"tags":[],"class_list":["post-21130","post","type-post","status-publish","format-standard","has-post-thumbnail","hentry","category-noticias"],"_links":{"self":[{"href":"https:\/\/blogdorogeriogomes.com.br\/noticias\/wp-json\/wp\/v2\/posts\/21130","targetHints":{"allow":["GET"]}}],"collection":[{"href":"https:\/\/blogdorogeriogomes.com.br\/noticias\/wp-json\/wp\/v2\/posts"}],"about":[{"href":"https:\/\/blogdorogeriogomes.com.br\/noticias\/wp-json\/wp\/v2\/types\/post"}],"author":[{"embeddable":true,"href":"https:\/\/blogdorogeriogomes.com.br\/noticias\/wp-json\/wp\/v2\/users\/1"}],"replies":[{"embeddable":true,"href":"https:\/\/blogdorogeriogomes.com.br\/noticias\/wp-json\/wp\/v2\/comments?post=21130"}],"version-history":[{"count":1,"href":"https:\/\/blogdorogeriogomes.com.br\/noticias\/wp-json\/wp\/v2\/posts\/21130\/revisions"}],"predecessor-version":[{"id":21132,"href":"https:\/\/blogdorogeriogomes.com.br\/noticias\/wp-json\/wp\/v2\/posts\/21130\/revisions\/21132"}],"wp:featuredmedia":[{"embeddable":true,"href":"https:\/\/blogdorogeriogomes.com.br\/noticias\/wp-json\/wp\/v2\/media\/21131"}],"wp:attachment":[{"href":"https:\/\/blogdorogeriogomes.com.br\/noticias\/wp-json\/wp\/v2\/media?parent=21130"}],"wp:term":[{"taxonomy":"category","embeddable":true,"href":"https:\/\/blogdorogeriogomes.com.br\/noticias\/wp-json\/wp\/v2\/categories?post=21130"},{"taxonomy":"post_tag","embeddable":true,"href":"https:\/\/blogdorogeriogomes.com.br\/noticias\/wp-json\/wp\/v2\/tags?post=21130"}],"curies":[{"name":"wp","href":"https:\/\/api.w.org\/{rel}","templated":true}]}}