{"id":21133,"date":"2021-05-06T16:23:48","date_gmt":"2021-05-06T16:23:48","guid":{"rendered":"https:\/\/blogdorogeriogomes.com.br\/?p=21133"},"modified":"2021-05-09T14:53:49","modified_gmt":"2021-05-09T14:53:49","slug":"camilo-santana-critica-postura-de-bolsonaro-na-pandemia-estimulou-nao-usar-mascara-e-promoveu-aglomeracao","status":"publish","type":"post","link":"https:\/\/blogdorogeriogomes.com.br\/noticias\/2021\/05\/camilo-santana-critica-postura-de-bolsonaro-na-pandemia-estimulou-nao-usar-mascara-e-promoveu-aglomeracao\/","title":{"rendered":"Camilo Santana critica postura de Bolsonaro na pandemia: &#8220;estimulou n\u00e3o usar m\u00e1scara e promoveu aglomera\u00e7\u00e3o&#8221;"},"content":{"rendered":"\n<p>O governador Camilo Santana (PT) fez dura avalia\u00e7\u00e3o sobre a atua\u00e7\u00e3o do presidente Jair Bolsonaro \u00e0 frente da crise sanit\u00e1ria decorrente da pandemia de Covid-19. Segundo Camilo, o Governo Federal n\u00e3o demonstra consci\u00eancia na realiza\u00e7\u00e3o de a\u00e7\u00f5es que busquem barrar a escalada do v\u00edrus no Pa\u00eds, que j\u00e1 ultrapassa a barreira dos 400 mil mortos.<\/p>\n\n\n\n<p>&#8220;Me diga uma orienta\u00e7\u00e3o oficial do presidente em rela\u00e7\u00e3o \u00e0 pandemia? Ao contr\u00e1rio, enquanto a ci\u00eancia recomendava isolamento, o presidente estimulava n\u00e3o usar m\u00e1scara, aglomera\u00e7\u00e3o. Veio ao Cear\u00e1 em pleno decreto de isolamento para promover aglomera\u00e7\u00e3o. Estimulando inclusive contra a vacina. Faltou a autoridade m\u00e1xima desse Pa\u00eds definir os rumos e assumir a responsabilidade&#8221;, disse em entrevista \u00e0 R\u00e1dio O POVO\/CBN.<\/p>\n\n\n\n<p>O petista disse ainda que, apesar de Bolsonaro &#8220;n\u00e3o assumir a responsabilidade&#8221; em defesa das vidas no Brasil, o Governo do Cear\u00e1 tem mantido boas rela\u00e7\u00f5es com os ministros da Sa\u00fade, e classificou Marcelo Queiroga, atual titular da pasta, como um quadro t\u00e9cnico &#8220;bem intencionado&#8221;.<\/p>\n\n\n\n<p>Na entrevista, Camilo tamb\u00e9m revelou que o Comit\u00ea Estadual de Enfrentamento \u00e0 Pandemia do Coronav\u00edrus discutir\u00e1, em reuni\u00e3o nesta sexta-feira, dia 7, a viabilidade de retorno \u00e0s aulas presenciais para o Ensino M\u00e9dio em todo o Cear\u00e1. Atualmente, as aulas est\u00e3o liberadas at\u00e9 o 9\u00ba ano do Ensino Fundamental.<\/p>\n\n\n\n<p>Na entrevista, Camilo ainda disparou contra a postura do senador cearense Lu\u00eds Eduardo Gir\u00e3o (Podemos) na CPI da Covid. &#8220;O senador (Gir\u00e3o) tem simplesmente defendido o Bolsonaro; o projeto de Bolsonaro. E isso \u00e9 inadmiss\u00edvel. Acreditamos em investiga\u00e7\u00f5es s\u00e9rias e o Estado do Cear\u00e1 sempre estar\u00e1 aberto. Todos os equipamentos que o Estado adquiriu foram recebidos. Tudo que compramos, inclusive da China. Equipamentos que est\u00e3o salvando vidas\u201d, ressaltou o governador do Cear\u00e1.<\/p>\n\n\n\n<figure class=\"wp-block-image size-large\"><img loading=\"lazy\" decoding=\"async\" width=\"739\" height=\"415\" src=\"https:\/\/blogdorogeriogomes.com.br\/wp-content\/uploads\/2021\/05\/images-97.jpeg\" alt=\"\" class=\"wp-image-21134\" srcset=\"https:\/\/blogdorogeriogomes.com.br\/noticias\/wp-content\/uploads\/2021\/05\/images-97.jpeg 739w, https:\/\/blogdorogeriogomes.com.br\/noticias\/wp-content\/uploads\/2021\/05\/images-97-300x168.jpeg 300w\" sizes=\"auto, (max-width: 739px) 100vw, 739px\" \/><\/figure>\n","protected":false},"excerpt":{"rendered":"<p>O governador Camilo Santana (PT) fez dura avalia\u00e7\u00e3o sobre a atua\u00e7\u00e3o do presidente Jair Bolsonaro \u00e0 frente da crise sanit\u00e1ria decorrente da pandemia de Covid-19. Segundo Camilo, o Governo Federal n\u00e3o demonstra consci\u00eancia na realiza\u00e7\u00e3o de a\u00e7\u00f5es que busquem barrar a escalada do v\u00edrus no Pa\u00eds, que j\u00e1 ultrapassa a barreira dos 400 mil mortos. &#8220;Me diga uma orienta\u00e7\u00e3o oficial do presidente em rela\u00e7\u00e3o \u00e0 pandemia? Ao contr\u00e1rio, enquanto a ci\u00eancia recomendava isolamento, o presidente estimulava n\u00e3o usar m\u00e1scara,&hellip;<\/p>\n","protected":false},"author":1,"featured_media":21134,"comment_status":"open","ping_status":"open","sticky":false,"template":"","format":"standard","meta":{"footnotes":""},"categories":[1],"tags":[],"class_list":["post-21133","post","type-post","status-publish","format-standard","has-post-thumbnail","hentry","category-noticias"],"_links":{"self":[{"href":"https:\/\/blogdorogeriogomes.com.br\/noticias\/wp-json\/wp\/v2\/posts\/21133","targetHints":{"allow":["GET"]}}],"collection":[{"href":"https:\/\/blogdorogeriogomes.com.br\/noticias\/wp-json\/wp\/v2\/posts"}],"about":[{"href":"https:\/\/blogdorogeriogomes.com.br\/noticias\/wp-json\/wp\/v2\/types\/post"}],"author":[{"embeddable":true,"href":"https:\/\/blogdorogeriogomes.com.br\/noticias\/wp-json\/wp\/v2\/users\/1"}],"replies":[{"embeddable":true,"href":"https:\/\/blogdorogeriogomes.com.br\/noticias\/wp-json\/wp\/v2\/comments?post=21133"}],"version-history":[{"count":1,"href":"https:\/\/blogdorogeriogomes.com.br\/noticias\/wp-json\/wp\/v2\/posts\/21133\/revisions"}],"predecessor-version":[{"id":21135,"href":"https:\/\/blogdorogeriogomes.com.br\/noticias\/wp-json\/wp\/v2\/posts\/21133\/revisions\/21135"}],"wp:featuredmedia":[{"embeddable":true,"href":"https:\/\/blogdorogeriogomes.com.br\/noticias\/wp-json\/wp\/v2\/media\/21134"}],"wp:attachment":[{"href":"https:\/\/blogdorogeriogomes.com.br\/noticias\/wp-json\/wp\/v2\/media?parent=21133"}],"wp:term":[{"taxonomy":"category","embeddable":true,"href":"https:\/\/blogdorogeriogomes.com.br\/noticias\/wp-json\/wp\/v2\/categories?post=21133"},{"taxonomy":"post_tag","embeddable":true,"href":"https:\/\/blogdorogeriogomes.com.br\/noticias\/wp-json\/wp\/v2\/tags?post=21133"}],"curies":[{"name":"wp","href":"https:\/\/api.w.org\/{rel}","templated":true}]}}