{"id":21136,"date":"2021-05-06T19:54:59","date_gmt":"2021-05-06T19:54:59","guid":{"rendered":"https:\/\/blogdorogeriogomes.com.br\/?p=21136"},"modified":"2021-05-09T14:53:39","modified_gmt":"2021-05-09T14:53:39","slug":"ministro-marcelo-queiroga-foge-de-perguntas-na-cpi-da-covid-para-nao-contrariar-jair-bolsonaro","status":"publish","type":"post","link":"https:\/\/blogdorogeriogomes.com.br\/noticias\/2021\/05\/ministro-marcelo-queiroga-foge-de-perguntas-na-cpi-da-covid-para-nao-contrariar-jair-bolsonaro\/","title":{"rendered":"Ministro Marcelo Queiroga foge de perguntas na CPI da Covid para n\u00e3o contrariar Jair Bolsonaro"},"content":{"rendered":"\n<p>O depoimento do atual ministro da Sa\u00fade, Marcelo Queiroga, na CPI da Covid no Senado Federal, nesta quinta-feira, dia 6 de maio, foi marcado pelo esfor\u00e7o do ministro em n\u00e3o contrariar os posicionamentos do presidente Jair Bolsonaro, que prega o fim do isolamento social, do uso de m\u00e1scaras e do chamado tratamento precoce do coronav\u00edrus com o &#8220;kit Covid&#8221;, que n\u00e3o tem qualquer efic\u00e1cia comprovada cientificamente. Queiroga driblou os senadores nas respostas e n\u00e3o respondeu se compartilha ou n\u00e3o da posi\u00e7\u00e3o de Jair Bolsonaro, favor\u00e1vel ao uso da cloroquina para o tratamento contra a Covid-19.<\/p>\n\n\n\n<p>A verdade \u00e9 que se mostrasse qualquer posi\u00e7\u00e3o desfavor\u00e1vel ao uso de cloroquina e ivermectina na CPI, Marcelo Queiroga estaria colocando o seu cargo de ministro em jogo. Ele se limitou a dizer que o Minist\u00e9rio da Sa\u00fade deve anunciar em breve um protocolo sobre a recomenda\u00e7\u00e3o de rem\u00e9dios para o tratamento da Covid-19.<\/p>\n\n\n\n<p>Diante de 414 mil mortos no Brasil pela pandemia, Queiroga defendeu que a vacina\u00e7\u00e3o \u00e9 a maior estrat\u00e9gia a ser implementada. No entanto, voltou a se atrapalhar com a previs\u00e3o de chegada de novas doses no Pa\u00eds. Depois de anunciar anteriormente que o Brasil teria contratadas 560 milh\u00f5es de doses, o Minist\u00e9rio da Sa\u00fade reduziu que existem asseguradas apenas 281 milh\u00f5es por enquanto.<\/p>\n\n\n\n<p>Devido ao alongamento do depoimento de Marcelo Queiroga, os senadores da CPI da Covid decidiram adiar para a pr\u00f3xima ter\u00e7a-feira, dia 11 de maio, o depoimento do diretor-presidente da Ag\u00eancia Nacional de Vigil\u00e2ncia Sanit\u00e1ria (Anvisa), Ant\u00f4nio Barra Torres.&nbsp;O ex-chefe da Secretaria Especial de Comunica\u00e7\u00e3o Social, Fabio Wajngarten, presta depoimento na pr\u00f3xima quarta-feira, dia 12 de maio, No dia seguinte, dia 13, ser\u00e1 ouvido o ex-ministro das Rela\u00e7\u00f5es Exteriores, Ernesto Ara\u00fajo.<\/p>\n\n\n\n<figure class=\"wp-block-image size-large\"><img loading=\"lazy\" decoding=\"async\" width=\"450\" height=\"337\" src=\"https:\/\/blogdorogeriogomes.com.br\/wp-content\/uploads\/2021\/05\/images-98.jpeg\" alt=\"\" class=\"wp-image-21137\" srcset=\"https:\/\/blogdorogeriogomes.com.br\/noticias\/wp-content\/uploads\/2021\/05\/images-98.jpeg 450w, https:\/\/blogdorogeriogomes.com.br\/noticias\/wp-content\/uploads\/2021\/05\/images-98-300x225.jpeg 300w, https:\/\/blogdorogeriogomes.com.br\/noticias\/wp-content\/uploads\/2021\/05\/images-98-400x300.jpeg 400w\" sizes=\"auto, (max-width: 450px) 100vw, 450px\" \/><\/figure>\n","protected":false},"excerpt":{"rendered":"<p>O depoimento do atual ministro da Sa\u00fade, Marcelo Queiroga, na CPI da Covid no Senado Federal, nesta quinta-feira, dia 6 de maio, foi marcado pelo esfor\u00e7o do ministro em n\u00e3o contrariar os posicionamentos do presidente Jair Bolsonaro, que prega o fim do isolamento social, do uso de m\u00e1scaras e do chamado tratamento precoce do coronav\u00edrus com o &#8220;kit Covid&#8221;, que n\u00e3o tem qualquer efic\u00e1cia comprovada cientificamente. Queiroga driblou os senadores nas respostas e n\u00e3o respondeu se compartilha ou n\u00e3o&hellip;<\/p>\n","protected":false},"author":1,"featured_media":21137,"comment_status":"open","ping_status":"open","sticky":false,"template":"","format":"standard","meta":{"footnotes":""},"categories":[1],"tags":[],"class_list":["post-21136","post","type-post","status-publish","format-standard","has-post-thumbnail","hentry","category-noticias"],"_links":{"self":[{"href":"https:\/\/blogdorogeriogomes.com.br\/noticias\/wp-json\/wp\/v2\/posts\/21136","targetHints":{"allow":["GET"]}}],"collection":[{"href":"https:\/\/blogdorogeriogomes.com.br\/noticias\/wp-json\/wp\/v2\/posts"}],"about":[{"href":"https:\/\/blogdorogeriogomes.com.br\/noticias\/wp-json\/wp\/v2\/types\/post"}],"author":[{"embeddable":true,"href":"https:\/\/blogdorogeriogomes.com.br\/noticias\/wp-json\/wp\/v2\/users\/1"}],"replies":[{"embeddable":true,"href":"https:\/\/blogdorogeriogomes.com.br\/noticias\/wp-json\/wp\/v2\/comments?post=21136"}],"version-history":[{"count":2,"href":"https:\/\/blogdorogeriogomes.com.br\/noticias\/wp-json\/wp\/v2\/posts\/21136\/revisions"}],"predecessor-version":[{"id":21158,"href":"https:\/\/blogdorogeriogomes.com.br\/noticias\/wp-json\/wp\/v2\/posts\/21136\/revisions\/21158"}],"wp:featuredmedia":[{"embeddable":true,"href":"https:\/\/blogdorogeriogomes.com.br\/noticias\/wp-json\/wp\/v2\/media\/21137"}],"wp:attachment":[{"href":"https:\/\/blogdorogeriogomes.com.br\/noticias\/wp-json\/wp\/v2\/media?parent=21136"}],"wp:term":[{"taxonomy":"category","embeddable":true,"href":"https:\/\/blogdorogeriogomes.com.br\/noticias\/wp-json\/wp\/v2\/categories?post=21136"},{"taxonomy":"post_tag","embeddable":true,"href":"https:\/\/blogdorogeriogomes.com.br\/noticias\/wp-json\/wp\/v2\/tags?post=21136"}],"curies":[{"name":"wp","href":"https:\/\/api.w.org\/{rel}","templated":true}]}}