{"id":21145,"date":"2021-05-07T10:41:48","date_gmt":"2021-05-07T10:41:48","guid":{"rendered":"https:\/\/blogdorogeriogomes.com.br\/?p=21145"},"modified":"2021-05-09T14:53:18","modified_gmt":"2021-05-09T14:53:18","slug":"aplicacao-de-vacina-reduziu-em-99-as-mortes-entre-idosos-a-partir-de-75-anos-diz-pesquisa-da-ufc","status":"publish","type":"post","link":"https:\/\/blogdorogeriogomes.com.br\/noticias\/2021\/05\/aplicacao-de-vacina-reduziu-em-99-as-mortes-entre-idosos-a-partir-de-75-anos-diz-pesquisa-da-ufc\/","title":{"rendered":"Aplica\u00e7\u00e3o de vacina reduziu em 99% as mortes entre idosos a partir de 75 anos, diz pesquisa da UFC"},"content":{"rendered":"\n<p>As mortes por Covid-19 tiveram uma redu\u00e7\u00e3o de 99% ap\u00f3s a aplica\u00e7\u00e3o de uma das doses da vacina em idosos cearenses a partir de 75 anos, segundo a Secretaria de Sa\u00fade do Cear\u00e1. Os dados foram coletados entre janeiro e abril de 2021 e fazem parte de um estudo em parceria com a Universidade Federal do Cear\u00e1 (UFC).<\/p>\n\n\n\n<p>Como a vacina\u00e7\u00e3o ainda est\u00e1 lenta, os especialistas mant\u00eam o alerta \u00e0 popula\u00e7\u00e3o para os cuidados com o distanciamento social com o uso de m\u00e1scaras e cuidados com o higiene. E claro, evitando as aglomera\u00e7\u00f5es. No pr\u00f3ximo domingo, dia 9 de maio, \u00e9 comemorado o Dia das M\u00e3es e \u00e9 necess\u00e1rio estar em alerta j\u00e1 que 182 dos 184 munic\u00edpios cearenses ainda est\u00e1 com risco alt\u00edssimo de transmiss\u00e3o do coronav\u00edrus.<\/p>\n\n\n\n<p>Nesta sexta-feira, dia 7, o Comit\u00ea Estadual de Enfrentamento \u00e0 Pandemia do Coronav\u00edrus discute a possibilidade do retorno das aulas presenciais para alunos do Ensino M\u00e9dio.<\/p>\n\n\n\n<figure class=\"wp-block-image size-large\"><img loading=\"lazy\" decoding=\"async\" width=\"640\" height=\"480\" src=\"https:\/\/blogdorogeriogomes.com.br\/wp-content\/uploads\/2021\/05\/images-100.jpeg\" alt=\"\" class=\"wp-image-21146\" srcset=\"https:\/\/blogdorogeriogomes.com.br\/noticias\/wp-content\/uploads\/2021\/05\/images-100.jpeg 640w, https:\/\/blogdorogeriogomes.com.br\/noticias\/wp-content\/uploads\/2021\/05\/images-100-300x225.jpeg 300w, https:\/\/blogdorogeriogomes.com.br\/noticias\/wp-content\/uploads\/2021\/05\/images-100-400x300.jpeg 400w\" sizes=\"auto, (max-width: 640px) 100vw, 640px\" \/><\/figure>\n","protected":false},"excerpt":{"rendered":"<p>As mortes por Covid-19 tiveram uma redu\u00e7\u00e3o de 99% ap\u00f3s a aplica\u00e7\u00e3o de uma das doses da vacina em idosos cearenses a partir de 75 anos, segundo a Secretaria de Sa\u00fade do Cear\u00e1. Os dados foram coletados entre janeiro e abril de 2021 e fazem parte de um estudo em parceria com a Universidade Federal do Cear\u00e1 (UFC). Como a vacina\u00e7\u00e3o ainda est\u00e1 lenta, os especialistas mant\u00eam o alerta \u00e0 popula\u00e7\u00e3o para os cuidados com o distanciamento social com&hellip;<\/p>\n","protected":false},"author":1,"featured_media":21146,"comment_status":"open","ping_status":"open","sticky":false,"template":"","format":"standard","meta":{"footnotes":""},"categories":[1],"tags":[],"class_list":["post-21145","post","type-post","status-publish","format-standard","has-post-thumbnail","hentry","category-noticias"],"_links":{"self":[{"href":"https:\/\/blogdorogeriogomes.com.br\/noticias\/wp-json\/wp\/v2\/posts\/21145","targetHints":{"allow":["GET"]}}],"collection":[{"href":"https:\/\/blogdorogeriogomes.com.br\/noticias\/wp-json\/wp\/v2\/posts"}],"about":[{"href":"https:\/\/blogdorogeriogomes.com.br\/noticias\/wp-json\/wp\/v2\/types\/post"}],"author":[{"embeddable":true,"href":"https:\/\/blogdorogeriogomes.com.br\/noticias\/wp-json\/wp\/v2\/users\/1"}],"replies":[{"embeddable":true,"href":"https:\/\/blogdorogeriogomes.com.br\/noticias\/wp-json\/wp\/v2\/comments?post=21145"}],"version-history":[{"count":1,"href":"https:\/\/blogdorogeriogomes.com.br\/noticias\/wp-json\/wp\/v2\/posts\/21145\/revisions"}],"predecessor-version":[{"id":21147,"href":"https:\/\/blogdorogeriogomes.com.br\/noticias\/wp-json\/wp\/v2\/posts\/21145\/revisions\/21147"}],"wp:featuredmedia":[{"embeddable":true,"href":"https:\/\/blogdorogeriogomes.com.br\/noticias\/wp-json\/wp\/v2\/media\/21146"}],"wp:attachment":[{"href":"https:\/\/blogdorogeriogomes.com.br\/noticias\/wp-json\/wp\/v2\/media?parent=21145"}],"wp:term":[{"taxonomy":"category","embeddable":true,"href":"https:\/\/blogdorogeriogomes.com.br\/noticias\/wp-json\/wp\/v2\/categories?post=21145"},{"taxonomy":"post_tag","embeddable":true,"href":"https:\/\/blogdorogeriogomes.com.br\/noticias\/wp-json\/wp\/v2\/tags?post=21145"}],"curies":[{"name":"wp","href":"https:\/\/api.w.org\/{rel}","templated":true}]}}