{"id":21148,"date":"2021-05-07T22:52:26","date_gmt":"2021-05-07T22:52:26","guid":{"rendered":"https:\/\/blogdorogeriogomes.com.br\/?p=21148"},"modified":"2021-05-09T14:53:09","modified_gmt":"2021-05-09T14:53:09","slug":"governador-renova-decreto-sem-alteracoes-e-reforca-cautela-para-evitar-aumento-de-casos","status":"publish","type":"post","link":"https:\/\/blogdorogeriogomes.com.br\/noticias\/2021\/05\/governador-renova-decreto-sem-alteracoes-e-reforca-cautela-para-evitar-aumento-de-casos\/","title":{"rendered":"Governador renova decreto sem altera\u00e7\u00f5es e refor\u00e7a cautela para evitar aumento de casos"},"content":{"rendered":"\n<p>O governador Camilo Santana (PT) confirmou, nesta sexta-feira, dia 7 de maio, em transmiss\u00e3o ao vivo por suas redes sociais, a renova\u00e7\u00e3o do decreto estadual que determina as normas de isolamento social nos munic\u00edpios cearenses. Devido ao alto n\u00famero de casos da Covid-19 e tamb\u00e9m na taxa de ocupa\u00e7\u00e3o de leitos, n\u00e3o haver\u00e1 novas mudan\u00e7as no sentido de flexibilizar as restri\u00e7\u00f5es das atividades econ\u00f4micas para a pr\u00f3xima semana.<\/p>\n\n\n\n<p>Camilo ressaltou que h\u00e1 preocupa\u00e7\u00e3o com a crescente da transmiss\u00e3o do v\u00edrus em regi\u00f5es como Sert\u00e3o Central e Litoral Leste. Exatamente por isso, o texto do novo decreto cont\u00e9m uma recomenda\u00e7\u00e3o para que as localidades com \u00edndices mais preocupantes tomem medidas mais r\u00edgidas para frear o cont\u00e1gio em massa do coronav\u00edrus.<\/p>\n\n\n\n<p>Presente na transmiss\u00e3o, o secret\u00e1rio da Sa\u00fade do Estado, Dr. Cabeto, destacou que as UPAs t\u00eam apresentado queda nos atendimentos de Covid-19, mas pediu \u00e0 popula\u00e7\u00e3o que evite reuni\u00f5es com aglomera\u00e7\u00e3o no pr\u00f3ximo domingo (9), data marcada pelo Dia das M\u00e3es.<\/p>\n\n\n\n<figure class=\"wp-block-image size-large\"><img loading=\"lazy\" decoding=\"async\" width=\"738\" height=\"415\" src=\"https:\/\/blogdorogeriogomes.com.br\/wp-content\/uploads\/2021\/05\/images-2021-05-07T193317.348.jpeg\" alt=\"\" class=\"wp-image-21149\" srcset=\"https:\/\/blogdorogeriogomes.com.br\/noticias\/wp-content\/uploads\/2021\/05\/images-2021-05-07T193317.348.jpeg 738w, https:\/\/blogdorogeriogomes.com.br\/noticias\/wp-content\/uploads\/2021\/05\/images-2021-05-07T193317.348-300x169.jpeg 300w\" sizes=\"auto, (max-width: 738px) 100vw, 738px\" \/><\/figure>\n","protected":false},"excerpt":{"rendered":"<p>O governador Camilo Santana (PT) confirmou, nesta sexta-feira, dia 7 de maio, em transmiss\u00e3o ao vivo por suas redes sociais, a renova\u00e7\u00e3o do decreto estadual que determina as normas de isolamento social nos munic\u00edpios cearenses. Devido ao alto n\u00famero de casos da Covid-19 e tamb\u00e9m na taxa de ocupa\u00e7\u00e3o de leitos, n\u00e3o haver\u00e1 novas mudan\u00e7as no sentido de flexibilizar as restri\u00e7\u00f5es das atividades econ\u00f4micas para a pr\u00f3xima semana. Camilo ressaltou que h\u00e1 preocupa\u00e7\u00e3o com a crescente da transmiss\u00e3o do&hellip;<\/p>\n","protected":false},"author":1,"featured_media":21149,"comment_status":"open","ping_status":"open","sticky":false,"template":"","format":"standard","meta":{"footnotes":""},"categories":[1],"tags":[],"class_list":["post-21148","post","type-post","status-publish","format-standard","has-post-thumbnail","hentry","category-noticias"],"_links":{"self":[{"href":"https:\/\/blogdorogeriogomes.com.br\/noticias\/wp-json\/wp\/v2\/posts\/21148","targetHints":{"allow":["GET"]}}],"collection":[{"href":"https:\/\/blogdorogeriogomes.com.br\/noticias\/wp-json\/wp\/v2\/posts"}],"about":[{"href":"https:\/\/blogdorogeriogomes.com.br\/noticias\/wp-json\/wp\/v2\/types\/post"}],"author":[{"embeddable":true,"href":"https:\/\/blogdorogeriogomes.com.br\/noticias\/wp-json\/wp\/v2\/users\/1"}],"replies":[{"embeddable":true,"href":"https:\/\/blogdorogeriogomes.com.br\/noticias\/wp-json\/wp\/v2\/comments?post=21148"}],"version-history":[{"count":1,"href":"https:\/\/blogdorogeriogomes.com.br\/noticias\/wp-json\/wp\/v2\/posts\/21148\/revisions"}],"predecessor-version":[{"id":21150,"href":"https:\/\/blogdorogeriogomes.com.br\/noticias\/wp-json\/wp\/v2\/posts\/21148\/revisions\/21150"}],"wp:featuredmedia":[{"embeddable":true,"href":"https:\/\/blogdorogeriogomes.com.br\/noticias\/wp-json\/wp\/v2\/media\/21149"}],"wp:attachment":[{"href":"https:\/\/blogdorogeriogomes.com.br\/noticias\/wp-json\/wp\/v2\/media?parent=21148"}],"wp:term":[{"taxonomy":"category","embeddable":true,"href":"https:\/\/blogdorogeriogomes.com.br\/noticias\/wp-json\/wp\/v2\/categories?post=21148"},{"taxonomy":"post_tag","embeddable":true,"href":"https:\/\/blogdorogeriogomes.com.br\/noticias\/wp-json\/wp\/v2\/tags?post=21148"}],"curies":[{"name":"wp","href":"https:\/\/api.w.org\/{rel}","templated":true}]}}