{"id":21151,"date":"2021-05-08T12:20:23","date_gmt":"2021-05-08T12:20:23","guid":{"rendered":"https:\/\/blogdorogeriogomes.com.br\/?p=21151"},"modified":"2021-05-09T14:52:53","modified_gmt":"2021-05-09T14:52:53","slug":"cpi-da-covid-estrategia-agora-e-apurar-responsaveis-no-governo-federal-por-difusao-da-cloroquina","status":"publish","type":"post","link":"https:\/\/blogdorogeriogomes.com.br\/noticias\/2021\/05\/cpi-da-covid-estrategia-agora-e-apurar-responsaveis-no-governo-federal-por-difusao-da-cloroquina\/","title":{"rendered":"CPI da Covid: estrat\u00e9gia agora \u00e9 apurar respons\u00e1veis no Governo Federal por difus\u00e3o da cloroquina"},"content":{"rendered":"\n<p>Ap\u00f3s a primeira semana de depoimentos onde foram ouvidos dois ex-ministros da Sa\u00fade, Luiz Henrique Mandetta e Nelson Teich, e o atual ministro Marcelo Queiroga, senadores da CPI da Covid v\u00e3o buscar identificar quem s\u00e3o os respons\u00e1veis no Governo Federal por compra, distribui\u00e7\u00e3o e est\u00edmulo ao uso de cloroquina, cuja inefic\u00e1cia para o tratamento da doen\u00e7a \u00e9 cientificamente comprovada. Mandetta e Teich disseram em depoimento que, na gest\u00e3o deles \u00e0 frente do Minist\u00e9rio da Sa\u00fade, n\u00e3o determinaram em nenhum momento a distribui\u00e7\u00e3o da cloroquina para a rede de sa\u00fade p\u00fablica.<\/p>\n\n\n\n<p>A CPI j\u00e1 encaminhou v\u00e1rios requerimentos de informa\u00e7\u00f5es sobre produ\u00e7\u00e3o, distribui\u00e7\u00e3o e custos da cloroquina nos \u00faltimos anos para \u00f3rg\u00e3os envolvidos no processo, como o Ex\u00e9rcito e a Funda\u00e7\u00e3o Oswaldo Cruz (Fiocruz), que devem apresentar uma resposta \u00e0 comiss\u00e3o em um prazo de 10 dias \u00fateis.<\/p>\n\n\n\n<p>A pr\u00f3xima semana ser\u00e1 de mais movimento na CPI com depoimentos que prometem esquentar ainda mais o cen\u00e1rio pol\u00edtico em Bras\u00edlia. Na pr\u00f3xima ter\u00e7a-feira, dia 11 de maio, fala o diretor-presidente da Ag\u00eancia Nacional de Vigil\u00e2ncia Sanit\u00e1ria (Anvisa), Ant\u00f4nio Barra Torres.&nbsp;O ex-chefe da Secretaria Especial de Comunica\u00e7\u00e3o Social, Fabio Wajngarten, presta depoimento na pr\u00f3xima quarta-feira, dia 12 de maio, No dia seguinte, dia 13, ser\u00e1 ouvido o ex-ministro das Rela\u00e7\u00f5es Exteriores, Ernesto Ara\u00fajo.<\/p>\n\n\n\n<figure class=\"wp-block-image size-large\"><img loading=\"lazy\" decoding=\"async\" width=\"540\" height=\"304\" src=\"https:\/\/blogdorogeriogomes.com.br\/wp-content\/uploads\/2021\/05\/2021-04-27t141526z-161336862-rc2e4n9h8nxj-rtrmadp-3-brazil-politics.jpg\" alt=\"\" class=\"wp-image-21152\" srcset=\"https:\/\/blogdorogeriogomes.com.br\/noticias\/wp-content\/uploads\/2021\/05\/2021-04-27t141526z-161336862-rc2e4n9h8nxj-rtrmadp-3-brazil-politics.jpg 540w, https:\/\/blogdorogeriogomes.com.br\/noticias\/wp-content\/uploads\/2021\/05\/2021-04-27t141526z-161336862-rc2e4n9h8nxj-rtrmadp-3-brazil-politics-300x169.jpg 300w\" sizes=\"auto, (max-width: 540px) 100vw, 540px\" \/><\/figure>\n","protected":false},"excerpt":{"rendered":"<p>Ap\u00f3s a primeira semana de depoimentos onde foram ouvidos dois ex-ministros da Sa\u00fade, Luiz Henrique Mandetta e Nelson Teich, e o atual ministro Marcelo Queiroga, senadores da CPI da Covid v\u00e3o buscar identificar quem s\u00e3o os respons\u00e1veis no Governo Federal por compra, distribui\u00e7\u00e3o e est\u00edmulo ao uso de cloroquina, cuja inefic\u00e1cia para o tratamento da doen\u00e7a \u00e9 cientificamente comprovada. Mandetta e Teich disseram em depoimento que, na gest\u00e3o deles \u00e0 frente do Minist\u00e9rio da Sa\u00fade, n\u00e3o determinaram em nenhum&hellip;<\/p>\n","protected":false},"author":1,"featured_media":21152,"comment_status":"open","ping_status":"open","sticky":false,"template":"","format":"standard","meta":{"footnotes":""},"categories":[1],"tags":[],"class_list":["post-21151","post","type-post","status-publish","format-standard","has-post-thumbnail","hentry","category-noticias"],"_links":{"self":[{"href":"https:\/\/blogdorogeriogomes.com.br\/noticias\/wp-json\/wp\/v2\/posts\/21151","targetHints":{"allow":["GET"]}}],"collection":[{"href":"https:\/\/blogdorogeriogomes.com.br\/noticias\/wp-json\/wp\/v2\/posts"}],"about":[{"href":"https:\/\/blogdorogeriogomes.com.br\/noticias\/wp-json\/wp\/v2\/types\/post"}],"author":[{"embeddable":true,"href":"https:\/\/blogdorogeriogomes.com.br\/noticias\/wp-json\/wp\/v2\/users\/1"}],"replies":[{"embeddable":true,"href":"https:\/\/blogdorogeriogomes.com.br\/noticias\/wp-json\/wp\/v2\/comments?post=21151"}],"version-history":[{"count":2,"href":"https:\/\/blogdorogeriogomes.com.br\/noticias\/wp-json\/wp\/v2\/posts\/21151\/revisions"}],"predecessor-version":[{"id":21157,"href":"https:\/\/blogdorogeriogomes.com.br\/noticias\/wp-json\/wp\/v2\/posts\/21151\/revisions\/21157"}],"wp:featuredmedia":[{"embeddable":true,"href":"https:\/\/blogdorogeriogomes.com.br\/noticias\/wp-json\/wp\/v2\/media\/21152"}],"wp:attachment":[{"href":"https:\/\/blogdorogeriogomes.com.br\/noticias\/wp-json\/wp\/v2\/media?parent=21151"}],"wp:term":[{"taxonomy":"category","embeddable":true,"href":"https:\/\/blogdorogeriogomes.com.br\/noticias\/wp-json\/wp\/v2\/categories?post=21151"},{"taxonomy":"post_tag","embeddable":true,"href":"https:\/\/blogdorogeriogomes.com.br\/noticias\/wp-json\/wp\/v2\/tags?post=21151"}],"curies":[{"name":"wp","href":"https:\/\/api.w.org\/{rel}","templated":true}]}}