{"id":21154,"date":"2021-05-08T12:33:41","date_gmt":"2021-05-08T12:33:41","guid":{"rendered":"https:\/\/blogdorogeriogomes.com.br\/?p=21154"},"modified":"2021-05-09T14:52:43","modified_gmt":"2021-05-09T14:52:43","slug":"projeto-por-do-sol-fortaleza-chega-a-barra-do-ceara-com-tres-atracoes-musicais","status":"publish","type":"post","link":"https:\/\/blogdorogeriogomes.com.br\/noticias\/2021\/05\/projeto-por-do-sol-fortaleza-chega-a-barra-do-ceara-com-tres-atracoes-musicais\/","title":{"rendered":"Projeto P\u00f4r do Sol Fortaleza chega \u00e0 Barra do Cear\u00e1 com tr\u00eas atra\u00e7\u00f5es musicais"},"content":{"rendered":"\n<p>A Prefeitura Municipal estende a programa\u00e7\u00e3o do Projeto P\u00f4r do Sol Fortaleza. A partir deste domingo, dia 9 de maio, ele passa a acontecer tamb\u00e9m na Barra do Cear\u00e1, um fim de semana por m\u00eas. O bairro de Messejana \u00e9 outro que ser\u00e1 contemplado, a partir do pen\u00faltimo domingo de maio (23\/05). A cada 15 dias, o projeto continua com Felipe Adjafre, na Beira Mar. A expans\u00e3o da iniciativa foi viabilizada gra\u00e7as \u00e0 parceria da Secretaria Municipal do Turismo (Setfor), realizadora do projeto, com a Secretaria de Cultura de Fortaleza (Secultfor).<\/p>\n\n\n\n<p>A estreia do projeto na Barra do Cear\u00e1 ainda ser\u00e1 itinerante, com os m\u00fasicos tocando em cima de um caminh\u00e3o, devido \u00e0s restri\u00e7\u00f5es impostas pela pandemia do novo coronav\u00edrus. Dedicada ao Dia das M\u00e3es, a apresenta\u00e7\u00e3o contar\u00e1 com o acordeonista Nonato Lima (foto) e o pianista Tito Freitas, que j\u00e1 participaram em outras edi\u00e7\u00f5es do projeto, e com o saxofonista Marciano Nascimento. O p\u00fablico poder\u00e1 acompanhar pelo perfil da Setfor no Instagram (@secretariadoturismodefortaleza).<\/p>\n\n\n\n<p>Para o secret\u00e1rio do Turismo, Alexandre Pereira, a parceria com a Secultfor enriquece e d\u00e1 mais for\u00e7a ao projeto P\u00f4r do Sol Fortaleza. \u201cA combina\u00e7\u00e3o entre cultura e turismo \u00e9 um grande ativo para a cidade. Os m\u00fasicos e o apoio da Secultfor far\u00e3o nosso projeto chegar a mais pessoas e beneficiar mais artistas tamb\u00e9m\u201d avalia.<\/p>\n\n\n\n<figure class=\"wp-block-image size-large\"><img loading=\"lazy\" decoding=\"async\" width=\"1024\" height=\"682\" src=\"https:\/\/blogdorogeriogomes.com.br\/wp-content\/uploads\/2021\/05\/IMG-20210507-WA0064-1024x682.jpg\" alt=\"\" class=\"wp-image-21155\" srcset=\"https:\/\/blogdorogeriogomes.com.br\/noticias\/wp-content\/uploads\/2021\/05\/IMG-20210507-WA0064-1024x682.jpg 1024w, https:\/\/blogdorogeriogomes.com.br\/noticias\/wp-content\/uploads\/2021\/05\/IMG-20210507-WA0064-300x200.jpg 300w, https:\/\/blogdorogeriogomes.com.br\/noticias\/wp-content\/uploads\/2021\/05\/IMG-20210507-WA0064-768x511.jpg 768w, https:\/\/blogdorogeriogomes.com.br\/noticias\/wp-content\/uploads\/2021\/05\/IMG-20210507-WA0064-800x533.jpg 800w, https:\/\/blogdorogeriogomes.com.br\/noticias\/wp-content\/uploads\/2021\/05\/IMG-20210507-WA0064.jpg 1280w\" sizes=\"auto, (max-width: 1024px) 100vw, 1024px\" \/><\/figure>\n\n\n\n<p><br><\/p>\n\n\n\n<p><\/p>\n\n\n\n<p><\/p>\n\n\n\n<p><\/p>\n\n\n\n<p><\/p>\n","protected":false},"excerpt":{"rendered":"<p>A Prefeitura Municipal estende a programa\u00e7\u00e3o do Projeto P\u00f4r do Sol Fortaleza. A partir deste domingo, dia 9 de maio, ele passa a acontecer tamb\u00e9m na Barra do Cear\u00e1, um fim de semana por m\u00eas. O bairro de Messejana \u00e9 outro que ser\u00e1 contemplado, a partir do pen\u00faltimo domingo de maio (23\/05). A cada 15 dias, o projeto continua com Felipe Adjafre, na Beira Mar. A expans\u00e3o da iniciativa foi viabilizada gra\u00e7as \u00e0 parceria da Secretaria Municipal do Turismo&hellip;<\/p>\n","protected":false},"author":1,"featured_media":21155,"comment_status":"open","ping_status":"open","sticky":false,"template":"","format":"standard","meta":{"footnotes":""},"categories":[1],"tags":[],"class_list":["post-21154","post","type-post","status-publish","format-standard","has-post-thumbnail","hentry","category-noticias"],"_links":{"self":[{"href":"https:\/\/blogdorogeriogomes.com.br\/noticias\/wp-json\/wp\/v2\/posts\/21154","targetHints":{"allow":["GET"]}}],"collection":[{"href":"https:\/\/blogdorogeriogomes.com.br\/noticias\/wp-json\/wp\/v2\/posts"}],"about":[{"href":"https:\/\/blogdorogeriogomes.com.br\/noticias\/wp-json\/wp\/v2\/types\/post"}],"author":[{"embeddable":true,"href":"https:\/\/blogdorogeriogomes.com.br\/noticias\/wp-json\/wp\/v2\/users\/1"}],"replies":[{"embeddable":true,"href":"https:\/\/blogdorogeriogomes.com.br\/noticias\/wp-json\/wp\/v2\/comments?post=21154"}],"version-history":[{"count":1,"href":"https:\/\/blogdorogeriogomes.com.br\/noticias\/wp-json\/wp\/v2\/posts\/21154\/revisions"}],"predecessor-version":[{"id":21156,"href":"https:\/\/blogdorogeriogomes.com.br\/noticias\/wp-json\/wp\/v2\/posts\/21154\/revisions\/21156"}],"wp:featuredmedia":[{"embeddable":true,"href":"https:\/\/blogdorogeriogomes.com.br\/noticias\/wp-json\/wp\/v2\/media\/21155"}],"wp:attachment":[{"href":"https:\/\/blogdorogeriogomes.com.br\/noticias\/wp-json\/wp\/v2\/media?parent=21154"}],"wp:term":[{"taxonomy":"category","embeddable":true,"href":"https:\/\/blogdorogeriogomes.com.br\/noticias\/wp-json\/wp\/v2\/categories?post=21154"},{"taxonomy":"post_tag","embeddable":true,"href":"https:\/\/blogdorogeriogomes.com.br\/noticias\/wp-json\/wp\/v2\/tags?post=21154"}],"curies":[{"name":"wp","href":"https:\/\/api.w.org\/{rel}","templated":true}]}}