{"id":21160,"date":"2021-05-10T10:17:44","date_gmt":"2021-05-10T10:17:44","guid":{"rendered":"https:\/\/blogdorogeriogomes.com.br\/?p=21160"},"modified":"2021-05-10T17:38:29","modified_gmt":"2021-05-10T17:38:29","slug":"ceara-recebe-novas-doses-da-pfizer-nesta-segunda-feira-decreto-de-retomada-da-economia-permanece-sem-alteracoes-ate-o-proximo-domingo","status":"publish","type":"post","link":"https:\/\/blogdorogeriogomes.com.br\/noticias\/2021\/05\/ceara-recebe-novas-doses-da-pfizer-nesta-segunda-feira-decreto-de-retomada-da-economia-permanece-sem-alteracoes-ate-o-proximo-domingo\/","title":{"rendered":"Cear\u00e1 recebe novas doses da Pfizer nesta segunda-feira.  Decreto de retomada da economia permanece sem altera\u00e7\u00f5es at\u00e9 o pr\u00f3ximo domingo"},"content":{"rendered":"\n<p>O governador do Cear\u00e1, Camilo Santana, anunciou a chegada de mais um lote com 45.690 doses da vacina da Pfizer, em voo previsto para \u00e0s 10 horas da noite desta segunda-feira, dia 10 de maio, em Fortaleza, de acordo com documento enviado pelo Minist\u00e9rio da Sa\u00fade.<\/p>\n\n\n\n<p>No \u00faltimo s\u00e1bado, o Cear\u00e1 recebeu 11 mil doses da vacina CoronaVac. Com as 38 mil que chegaram sexta-feira \u00e0 noite, j\u00e1 foram distribu\u00eddas 49 mil doses aos munic\u00edpios para garantir a aplica\u00e7\u00e3o da 2\u00aa dose e n\u00e3o prejudicar os cearenses.<\/p>\n\n\n\n<p>Segundo o vacin\u00f4metro da Secretaria da Sa\u00fade, j\u00e1 foram aplicadas 2.158.922 doses de vacina contra a Covid-19, sendo 1.400.501, primeira dose e 758.421, segunda dose.<\/p>\n\n\n\n<p>Est\u00e1 em vigor at\u00e9 o pr\u00f3ximo domingo, dia 16 de maio, o decreto estadual de medidas de combate \u00e0 pandemia mant\u00e9m todas as determina\u00e7\u00f5es do decreto anterior.<\/p>\n\n\n\n<figure class=\"wp-block-image size-large\"><img loading=\"lazy\" decoding=\"async\" width=\"678\" height=\"452\" src=\"https:\/\/blogdorogeriogomes.com.br\/wp-content\/uploads\/2021\/05\/images-2021-05-10T071704.072.jpeg\" alt=\"\" class=\"wp-image-21161\" srcset=\"https:\/\/blogdorogeriogomes.com.br\/noticias\/wp-content\/uploads\/2021\/05\/images-2021-05-10T071704.072.jpeg 678w, https:\/\/blogdorogeriogomes.com.br\/noticias\/wp-content\/uploads\/2021\/05\/images-2021-05-10T071704.072-300x200.jpeg 300w\" sizes=\"auto, (max-width: 678px) 100vw, 678px\" \/><\/figure>\n\n\n\n<p><\/p>\n\n\n\n<p> <\/p>\n","protected":false},"excerpt":{"rendered":"<p>O governador do Cear\u00e1, Camilo Santana, anunciou a chegada de mais um lote com 45.690 doses da vacina da Pfizer, em voo previsto para \u00e0s 10 horas da noite desta segunda-feira, dia 10 de maio, em Fortaleza, de acordo com documento enviado pelo Minist\u00e9rio da Sa\u00fade. No \u00faltimo s\u00e1bado, o Cear\u00e1 recebeu 11 mil doses da vacina CoronaVac. Com as 38 mil que chegaram sexta-feira \u00e0 noite, j\u00e1 foram distribu\u00eddas 49 mil doses aos munic\u00edpios para garantir a aplica\u00e7\u00e3o&hellip;<\/p>\n","protected":false},"author":1,"featured_media":21161,"comment_status":"open","ping_status":"open","sticky":false,"template":"","format":"standard","meta":{"footnotes":""},"categories":[1],"tags":[],"class_list":["post-21160","post","type-post","status-publish","format-standard","has-post-thumbnail","hentry","category-noticias"],"_links":{"self":[{"href":"https:\/\/blogdorogeriogomes.com.br\/noticias\/wp-json\/wp\/v2\/posts\/21160","targetHints":{"allow":["GET"]}}],"collection":[{"href":"https:\/\/blogdorogeriogomes.com.br\/noticias\/wp-json\/wp\/v2\/posts"}],"about":[{"href":"https:\/\/blogdorogeriogomes.com.br\/noticias\/wp-json\/wp\/v2\/types\/post"}],"author":[{"embeddable":true,"href":"https:\/\/blogdorogeriogomes.com.br\/noticias\/wp-json\/wp\/v2\/users\/1"}],"replies":[{"embeddable":true,"href":"https:\/\/blogdorogeriogomes.com.br\/noticias\/wp-json\/wp\/v2\/comments?post=21160"}],"version-history":[{"count":1,"href":"https:\/\/blogdorogeriogomes.com.br\/noticias\/wp-json\/wp\/v2\/posts\/21160\/revisions"}],"predecessor-version":[{"id":21162,"href":"https:\/\/blogdorogeriogomes.com.br\/noticias\/wp-json\/wp\/v2\/posts\/21160\/revisions\/21162"}],"wp:featuredmedia":[{"embeddable":true,"href":"https:\/\/blogdorogeriogomes.com.br\/noticias\/wp-json\/wp\/v2\/media\/21161"}],"wp:attachment":[{"href":"https:\/\/blogdorogeriogomes.com.br\/noticias\/wp-json\/wp\/v2\/media?parent=21160"}],"wp:term":[{"taxonomy":"category","embeddable":true,"href":"https:\/\/blogdorogeriogomes.com.br\/noticias\/wp-json\/wp\/v2\/categories?post=21160"},{"taxonomy":"post_tag","embeddable":true,"href":"https:\/\/blogdorogeriogomes.com.br\/noticias\/wp-json\/wp\/v2\/tags?post=21160"}],"curies":[{"name":"wp","href":"https:\/\/api.w.org\/{rel}","templated":true}]}}