{"id":21169,"date":"2021-05-10T19:55:19","date_gmt":"2021-05-10T19:55:19","guid":{"rendered":"https:\/\/blogdorogeriogomes.com.br\/?p=21169"},"modified":"2021-05-11T11:03:23","modified_gmt":"2021-05-11T11:03:23","slug":"cpi-da-covid-gabinete-do-odio-entra-na-mira-dos-senadores-nesta-semana-aliados-temem-depoimento-de-wajngarten","status":"publish","type":"post","link":"https:\/\/blogdorogeriogomes.com.br\/noticias\/2021\/05\/cpi-da-covid-gabinete-do-odio-entra-na-mira-dos-senadores-nesta-semana-aliados-temem-depoimento-de-wajngarten\/","title":{"rendered":"CPI da Covid: &#8220;gabinete do \u00f3dio&#8221; entra na mira dos senadores nesta semana. Aliados temem depoimento de Wajngarten"},"content":{"rendered":"\n<p>Os trabalhos da CPI que investiga a\u00e7\u00f5es e omiss\u00f5es do governo Bolsonaro na pandemia de Covid-19 ser\u00e3o retomados a partir desta ter\u00e7a-feira, dia 11 de maio, no Senado Federal. E a expectativa \u00e9 de que a atua\u00e7\u00e3o de bolsonaristas nas redes sociais e a difus\u00e3o de not\u00edcias falsas sobre o coronav\u00edrus entrem no alvo da comiss\u00e3o.<\/p>\n\n\n\n<p>Nesta ter\u00e7a-feira, dia 11, ser\u00e1 ouvido o presidente da Ag\u00eancia Nacional de Vigil\u00e2ncia Sanit\u00e1ria (Anvisa), Antonio Barra Torres, justo ap\u00f3s a semana na qual foram ouvidos os ex-ministros da Sa\u00fade, Luiz Henrique Madetta e Nelson Teich, al\u00e9m do titular do minist\u00e9rio, Marcelo Queiroga.<\/p>\n\n\n\n<p>Na quarta-feira, chega de fato o depoimento esperado para abordar o chamado &#8220;gabinete do \u00f3dio&#8221;: Fabio Wajngarten (foto), ex-secret\u00e1rio de Comunica\u00e7\u00e3o Social de Jair Bolsonaro (sem partido). Exonerado da pasta h\u00e1 um m\u00eas pelo presidente, o publicit\u00e1rio concedeu entrevistas nas quais responsabiliza o Minist\u00e9rio da Sa\u00fade pelo atraso das vacinas e a consequente alta de casos da Covid-19 em territ\u00f3rio nacional.<\/p>\n\n\n\n<p>O perfil de Wajngarten \u00e9 visto pelos parlamentares como uma fonte potencial para trazer \u00e0 tona uma s\u00e9rie de revela\u00e7\u00f5es de bastidores, apontar o caminho aos erros cometidos pelo governo e aos detalhes sobre a atua\u00e7\u00e3o da comunica\u00e7\u00e3o bolsonarista nas redes sociais.<\/p>\n\n\n\n<p>Na quinta-feira, dia 13, a CPI fecha a agenda da semana com a presidente da Pfizer no Braisl, Marta D\u00edez, e seu antecessor no cargo, Carlos Murillo.<\/p>\n\n\n\n<figure class=\"wp-block-image size-large\"><img loading=\"lazy\" decoding=\"async\" width=\"678\" height=\"452\" src=\"https:\/\/blogdorogeriogomes.com.br\/wp-content\/uploads\/2021\/05\/images-2021-05-10T165153.931.jpeg\" alt=\"\" class=\"wp-image-21170\" srcset=\"https:\/\/blogdorogeriogomes.com.br\/noticias\/wp-content\/uploads\/2021\/05\/images-2021-05-10T165153.931.jpeg 678w, https:\/\/blogdorogeriogomes.com.br\/noticias\/wp-content\/uploads\/2021\/05\/images-2021-05-10T165153.931-300x200.jpeg 300w\" sizes=\"auto, (max-width: 678px) 100vw, 678px\" \/><\/figure>\n","protected":false},"excerpt":{"rendered":"<p>Os trabalhos da CPI que investiga a\u00e7\u00f5es e omiss\u00f5es do governo Bolsonaro na pandemia de Covid-19 ser\u00e3o retomados a partir desta ter\u00e7a-feira, dia 11 de maio, no Senado Federal. E a expectativa \u00e9 de que a atua\u00e7\u00e3o de bolsonaristas nas redes sociais e a difus\u00e3o de not\u00edcias falsas sobre o coronav\u00edrus entrem no alvo da comiss\u00e3o. Nesta ter\u00e7a-feira, dia 11, ser\u00e1 ouvido o presidente da Ag\u00eancia Nacional de Vigil\u00e2ncia Sanit\u00e1ria (Anvisa), Antonio Barra Torres, justo ap\u00f3s a semana na&hellip;<\/p>\n","protected":false},"author":1,"featured_media":21170,"comment_status":"open","ping_status":"open","sticky":false,"template":"","format":"standard","meta":{"footnotes":""},"categories":[1],"tags":[],"class_list":["post-21169","post","type-post","status-publish","format-standard","has-post-thumbnail","hentry","category-noticias"],"_links":{"self":[{"href":"https:\/\/blogdorogeriogomes.com.br\/noticias\/wp-json\/wp\/v2\/posts\/21169","targetHints":{"allow":["GET"]}}],"collection":[{"href":"https:\/\/blogdorogeriogomes.com.br\/noticias\/wp-json\/wp\/v2\/posts"}],"about":[{"href":"https:\/\/blogdorogeriogomes.com.br\/noticias\/wp-json\/wp\/v2\/types\/post"}],"author":[{"embeddable":true,"href":"https:\/\/blogdorogeriogomes.com.br\/noticias\/wp-json\/wp\/v2\/users\/1"}],"replies":[{"embeddable":true,"href":"https:\/\/blogdorogeriogomes.com.br\/noticias\/wp-json\/wp\/v2\/comments?post=21169"}],"version-history":[{"count":1,"href":"https:\/\/blogdorogeriogomes.com.br\/noticias\/wp-json\/wp\/v2\/posts\/21169\/revisions"}],"predecessor-version":[{"id":21171,"href":"https:\/\/blogdorogeriogomes.com.br\/noticias\/wp-json\/wp\/v2\/posts\/21169\/revisions\/21171"}],"wp:featuredmedia":[{"embeddable":true,"href":"https:\/\/blogdorogeriogomes.com.br\/noticias\/wp-json\/wp\/v2\/media\/21170"}],"wp:attachment":[{"href":"https:\/\/blogdorogeriogomes.com.br\/noticias\/wp-json\/wp\/v2\/media?parent=21169"}],"wp:term":[{"taxonomy":"category","embeddable":true,"href":"https:\/\/blogdorogeriogomes.com.br\/noticias\/wp-json\/wp\/v2\/categories?post=21169"},{"taxonomy":"post_tag","embeddable":true,"href":"https:\/\/blogdorogeriogomes.com.br\/noticias\/wp-json\/wp\/v2\/tags?post=21169"}],"curies":[{"name":"wp","href":"https:\/\/api.w.org\/{rel}","templated":true}]}}