{"id":21178,"date":"2021-05-11T14:38:10","date_gmt":"2021-05-11T14:38:10","guid":{"rendered":"https:\/\/blogdorogeriogomes.com.br\/?p=21178"},"modified":"2021-05-12T21:11:45","modified_gmt":"2021-05-12T21:11:45","slug":"governo-do-estado-e-prefeitura-de-fortaleza-decidem-evitar-aumento-do-preco-da-passagem-de-onibus-em-2021","status":"publish","type":"post","link":"https:\/\/blogdorogeriogomes.com.br\/noticias\/2021\/05\/governo-do-estado-e-prefeitura-de-fortaleza-decidem-evitar-aumento-do-preco-da-passagem-de-onibus-em-2021\/","title":{"rendered":"Governo do Estado e Prefeitura de Fortaleza decidem evitar aumento do pre\u00e7o da passagem de \u00f4nibus em 2021"},"content":{"rendered":"\n<p>O governador do Cear\u00e1, Camilo Santana, e pelo prefeito de Fortaleza, Jos\u00e9 Sarto, decidiram intervir para evitar qualquer reajuste na passagem de \u00f4nibus em 2021. Para impedir o aumento, haver\u00e1 um repasse de&nbsp;R$ 4 milh\u00f5es para as empresas de \u00f4nibus, sendo R$ 2 milh\u00f5es da Prefeitura de Fortaleza e R$ 2 milh\u00f5es do Governo do Estado. A parceria se refere aos custos alegados pelos empres\u00e1rios para aumento das passagens do transporte coletivo. Este \u00e9 o terceiro ano que o reajuste n\u00e3o \u00e9 repassado ao consumidor em Fortaleza.<\/p>\n\n\n\n<p>A medida tem rela\u00e7\u00e3o com as a\u00e7\u00f5es governamentais para amenizar os preju\u00edzos causados pela pandemia da Covid-19. O prefeito Jos\u00e9 Sarto ressaltou ainda que est\u00e1 sendo disponibilizada um&nbsp;frota extra com mais de 200 \u00f4nibus em Fortaleza nos hor\u00e1rios de pico para evitar o problema da superlota\u00e7\u00e3o dos coletivos.<\/p>\n\n\n\n<p>Tamb\u00e9m n\u00e3o haver\u00e1 aumento na passagem do Metrofor&nbsp;em 2021 e o Veiculo Leve sobre Trilhos (VLT) segue em opera\u00e7\u00e3o assistida, sem a cobran\u00e7a de tarifa.<\/p>\n\n\n\n<figure class=\"wp-block-image size-large\"><img loading=\"lazy\" decoding=\"async\" width=\"678\" height=\"452\" src=\"https:\/\/blogdorogeriogomes.com.br\/wp-content\/uploads\/2021\/05\/images-2021-05-11T113720.654.jpeg\" alt=\"\" class=\"wp-image-21179\" srcset=\"https:\/\/blogdorogeriogomes.com.br\/noticias\/wp-content\/uploads\/2021\/05\/images-2021-05-11T113720.654.jpeg 678w, https:\/\/blogdorogeriogomes.com.br\/noticias\/wp-content\/uploads\/2021\/05\/images-2021-05-11T113720.654-300x200.jpeg 300w\" sizes=\"auto, (max-width: 678px) 100vw, 678px\" \/><\/figure>\n","protected":false},"excerpt":{"rendered":"<p>O governador do Cear\u00e1, Camilo Santana, e pelo prefeito de Fortaleza, Jos\u00e9 Sarto, decidiram intervir para evitar qualquer reajuste na passagem de \u00f4nibus em 2021. Para impedir o aumento, haver\u00e1 um repasse de&nbsp;R$ 4 milh\u00f5es para as empresas de \u00f4nibus, sendo R$ 2 milh\u00f5es da Prefeitura de Fortaleza e R$ 2 milh\u00f5es do Governo do Estado. A parceria se refere aos custos alegados pelos empres\u00e1rios para aumento das passagens do transporte coletivo. Este \u00e9 o terceiro ano que o&hellip;<\/p>\n","protected":false},"author":1,"featured_media":21179,"comment_status":"open","ping_status":"open","sticky":false,"template":"","format":"standard","meta":{"footnotes":""},"categories":[1],"tags":[],"class_list":["post-21178","post","type-post","status-publish","format-standard","has-post-thumbnail","hentry","category-noticias"],"_links":{"self":[{"href":"https:\/\/blogdorogeriogomes.com.br\/noticias\/wp-json\/wp\/v2\/posts\/21178","targetHints":{"allow":["GET"]}}],"collection":[{"href":"https:\/\/blogdorogeriogomes.com.br\/noticias\/wp-json\/wp\/v2\/posts"}],"about":[{"href":"https:\/\/blogdorogeriogomes.com.br\/noticias\/wp-json\/wp\/v2\/types\/post"}],"author":[{"embeddable":true,"href":"https:\/\/blogdorogeriogomes.com.br\/noticias\/wp-json\/wp\/v2\/users\/1"}],"replies":[{"embeddable":true,"href":"https:\/\/blogdorogeriogomes.com.br\/noticias\/wp-json\/wp\/v2\/comments?post=21178"}],"version-history":[{"count":2,"href":"https:\/\/blogdorogeriogomes.com.br\/noticias\/wp-json\/wp\/v2\/posts\/21178\/revisions"}],"predecessor-version":[{"id":21197,"href":"https:\/\/blogdorogeriogomes.com.br\/noticias\/wp-json\/wp\/v2\/posts\/21178\/revisions\/21197"}],"wp:featuredmedia":[{"embeddable":true,"href":"https:\/\/blogdorogeriogomes.com.br\/noticias\/wp-json\/wp\/v2\/media\/21179"}],"wp:attachment":[{"href":"https:\/\/blogdorogeriogomes.com.br\/noticias\/wp-json\/wp\/v2\/media?parent=21178"}],"wp:term":[{"taxonomy":"category","embeddable":true,"href":"https:\/\/blogdorogeriogomes.com.br\/noticias\/wp-json\/wp\/v2\/categories?post=21178"},{"taxonomy":"post_tag","embeddable":true,"href":"https:\/\/blogdorogeriogomes.com.br\/noticias\/wp-json\/wp\/v2\/tags?post=21178"}],"curies":[{"name":"wp","href":"https:\/\/api.w.org\/{rel}","templated":true}]}}