{"id":21191,"date":"2021-05-12T10:19:53","date_gmt":"2021-05-12T10:19:53","guid":{"rendered":"https:\/\/blogdorogeriogomes.com.br\/?p=21191"},"modified":"2021-05-12T21:10:04","modified_gmt":"2021-05-12T21:10:04","slug":"governo-federal-articula-para-blindar-eduardo-pazuello-no-depoimento-a-cpi-da-covid","status":"publish","type":"post","link":"https:\/\/blogdorogeriogomes.com.br\/noticias\/2021\/05\/governo-federal-articula-para-blindar-eduardo-pazuello-no-depoimento-a-cpi-da-covid\/","title":{"rendered":"Governo Federal articula para blindar Eduardo Pazuello no depoimento \u00e0 CPI da Covid"},"content":{"rendered":"\n<p>Na medida que a CPI da Covid avan\u00e7a no Senado Federal, cresce a expectativa sobre o depoimento do ex-ministro Eduardo Pazuello, marcado para o pr\u00f3ximo dia 19 de maio. Mas o Pal\u00e1cio do Planalto se movimenta para evitar novos preju\u00edzos na investiga\u00e7\u00e3o. Segundo apura\u00e7\u00e3o da CNN Brasil, o presidente Jair Bolsonaro j\u00e1 autorizou que a Advocacia-Geral da Uni\u00e3o (AGU) prepare um habeas corpus para blindar o ex-ministro da Sa\u00fade Eduardo Pazuello na CPI da Covid. O processo j\u00e1 est\u00e1 em andamento.<\/p>\n\n\n\n<p>O objetivo \u00e9 fazer com que Pazuello possa comparecer \u00e0 comiss\u00e3o com o direito de responder apenas aos questionamentos que quiser.<\/p>\n\n\n\n<p>O texto do habeas corpus deve ser entregue ao advogado-geral da Uni\u00e3o, Andr\u00e9 Mendon\u00e7a, nesta quarta-feira, dia 12, quando ele far\u00e1 uma revis\u00e3o final. A expectativa \u00e9 de que o HC seja apresentado ao Supremo Tribunal Federal (STF) at\u00e9 sexta-feira, dia 14. <\/p>\n\n\n\n<figure class=\"wp-block-image size-large\"><img loading=\"lazy\" decoding=\"async\" width=\"678\" height=\"452\" src=\"https:\/\/blogdorogeriogomes.com.br\/wp-content\/uploads\/2021\/05\/images-2021-05-12T071451.223.jpeg\" alt=\"\" class=\"wp-image-21192\" srcset=\"https:\/\/blogdorogeriogomes.com.br\/noticias\/wp-content\/uploads\/2021\/05\/images-2021-05-12T071451.223.jpeg 678w, https:\/\/blogdorogeriogomes.com.br\/noticias\/wp-content\/uploads\/2021\/05\/images-2021-05-12T071451.223-300x200.jpeg 300w\" sizes=\"auto, (max-width: 678px) 100vw, 678px\" \/><\/figure>\n","protected":false},"excerpt":{"rendered":"<p>Na medida que a CPI da Covid avan\u00e7a no Senado Federal, cresce a expectativa sobre o depoimento do ex-ministro Eduardo Pazuello, marcado para o pr\u00f3ximo dia 19 de maio. Mas o Pal\u00e1cio do Planalto se movimenta para evitar novos preju\u00edzos na investiga\u00e7\u00e3o. Segundo apura\u00e7\u00e3o da CNN Brasil, o presidente Jair Bolsonaro j\u00e1 autorizou que a Advocacia-Geral da Uni\u00e3o (AGU) prepare um habeas corpus para blindar o ex-ministro da Sa\u00fade Eduardo Pazuello na CPI da Covid. O processo j\u00e1 est\u00e1&hellip;<\/p>\n","protected":false},"author":1,"featured_media":21192,"comment_status":"open","ping_status":"open","sticky":false,"template":"","format":"standard","meta":{"footnotes":""},"categories":[1],"tags":[],"class_list":["post-21191","post","type-post","status-publish","format-standard","has-post-thumbnail","hentry","category-noticias"],"_links":{"self":[{"href":"https:\/\/blogdorogeriogomes.com.br\/noticias\/wp-json\/wp\/v2\/posts\/21191","targetHints":{"allow":["GET"]}}],"collection":[{"href":"https:\/\/blogdorogeriogomes.com.br\/noticias\/wp-json\/wp\/v2\/posts"}],"about":[{"href":"https:\/\/blogdorogeriogomes.com.br\/noticias\/wp-json\/wp\/v2\/types\/post"}],"author":[{"embeddable":true,"href":"https:\/\/blogdorogeriogomes.com.br\/noticias\/wp-json\/wp\/v2\/users\/1"}],"replies":[{"embeddable":true,"href":"https:\/\/blogdorogeriogomes.com.br\/noticias\/wp-json\/wp\/v2\/comments?post=21191"}],"version-history":[{"count":1,"href":"https:\/\/blogdorogeriogomes.com.br\/noticias\/wp-json\/wp\/v2\/posts\/21191\/revisions"}],"predecessor-version":[{"id":21193,"href":"https:\/\/blogdorogeriogomes.com.br\/noticias\/wp-json\/wp\/v2\/posts\/21191\/revisions\/21193"}],"wp:featuredmedia":[{"embeddable":true,"href":"https:\/\/blogdorogeriogomes.com.br\/noticias\/wp-json\/wp\/v2\/media\/21192"}],"wp:attachment":[{"href":"https:\/\/blogdorogeriogomes.com.br\/noticias\/wp-json\/wp\/v2\/media?parent=21191"}],"wp:term":[{"taxonomy":"category","embeddable":true,"href":"https:\/\/blogdorogeriogomes.com.br\/noticias\/wp-json\/wp\/v2\/categories?post=21191"},{"taxonomy":"post_tag","embeddable":true,"href":"https:\/\/blogdorogeriogomes.com.br\/noticias\/wp-json\/wp\/v2\/tags?post=21191"}],"curies":[{"name":"wp","href":"https:\/\/api.w.org\/{rel}","templated":true}]}}